{"id":5401,"date":"2019-09-25T00:11:21","date_gmt":"2019-09-25T07:11:21","guid":{"rendered":"https:\/\/eliasik-law.com\/cuando-contratar-a-un-abogado-de-indemnizacion-laboral\/"},"modified":"2025-08-27T11:27:49","modified_gmt":"2025-08-27T18:27:49","slug":"cuando-contratar-a-un-abogado-de-indemnizacion-laboral","status":"publish","type":"post","link":"https:\/\/eliasik-law.com\/es\/cuando-contratar-a-un-abogado-de-indemnizacion-laboral\/","title":{"rendered":"\u00bfCu\u00e1ndo contratar a un abogado de indemnizaci\u00f3n laboral?"},"content":{"rendered":"\t\t<div data-elementor-type=\"wp-post\" data-elementor-id=\"5401\" class=\"elementor elementor-5401 elementor-3890\" data-elementor-post-type=\"post\">\n\t\t\t\t<div class=\"elementor-element elementor-element-b05a12a e-flex e-con-boxed e-con e-parent\" data-id=\"b05a12a\" data-element_type=\"container\" data-e-type=\"container\">\n\t\t\t\t\t<div class=\"e-con-inner\">\n\t\t<div class=\"elementor-element elementor-element-d9aa5b7 e-con-full e-flex e-con e-child\" data-id=\"d9aa5b7\" data-element_type=\"container\" data-e-type=\"container\">\n\t\t<div class=\"elementor-element elementor-element-d83e10b e-con-full e-flex e-con e-child\" data-id=\"d83e10b\" data-element_type=\"container\" data-e-type=\"container\">\n\t\t\t\t<div class=\"elementor-element elementor-element-3205882 elementor-widget elementor-widget-theme-post-title elementor-page-title elementor-widget-heading\" data-id=\"3205882\" data-element_type=\"widget\" data-e-type=\"widget\" data-widget_type=\"theme-post-title.default\">\n\t\t\t\t<div class=\"elementor-widget-container\">\n\t\t\t\t\t<h1 class=\"elementor-heading-title elementor-size-default\">\u00bfCu\u00e1ndo contratar a un abogado de indemnizaci\u00f3n laboral?<\/h1>\t\t\t\t<\/div>\n\t\t\t\t<\/div>\n\t\t\t\t<div class=\"elementor-element elementor-element-5b26303 elementor-widget elementor-widget-theme-post-featured-image elementor-widget-image\" data-id=\"5b26303\" data-element_type=\"widget\" data-e-type=\"widget\" data-widget_type=\"theme-post-featured-image.default\">\n\t\t\t\t<div class=\"elementor-widget-container\">\n\t\t\t\t\t\t\t\t\t\t\t\t\t\t\t<img fetchpriority=\"high\" decoding=\"async\" width=\"1920\" height=\"1280\" src=\"https:\/\/eliasik-law.com\/wp-content\/uploads\/2019\/09\/when-to-hire-lawyer.jpg\" class=\"attachment-full size-full wp-image-5102\" alt=\"Close-up of a person in a suit holding a black briefcase. Another person in a suit is blurred in the background.\" srcset=\"https:\/\/eliasik-law.com\/wp-content\/uploads\/2019\/09\/when-to-hire-lawyer.jpg 1920w, https:\/\/eliasik-law.com\/wp-content\/uploads\/2019\/09\/when-to-hire-lawyer-300x200.jpg 300w, https:\/\/eliasik-law.com\/wp-content\/uploads\/2019\/09\/when-to-hire-lawyer-1024x683.jpg 1024w, https:\/\/eliasik-law.com\/wp-content\/uploads\/2019\/09\/when-to-hire-lawyer-768x512.jpg 768w, https:\/\/eliasik-law.com\/wp-content\/uploads\/2019\/09\/when-to-hire-lawyer-1536x1024.jpg 1536w\" sizes=\"(max-width: 1920px) 100vw, 1920px\" \/>\t\t\t\t\t\t\t\t\t\t\t\t\t\t\t<\/div>\n\t\t\t\t<\/div>\n\t\t\t\t<div class=\"elementor-element elementor-element-3986451 elementor-align-center elementor-widget elementor-widget-post-info\" data-id=\"3986451\" data-element_type=\"widget\" data-e-type=\"widget\" data-widget_type=\"post-info.default\">\n\t\t\t\t<div class=\"elementor-widget-container\">\n\t\t\t\t\t\t\t<ul class=\"elementor-inline-items elementor-icon-list-items elementor-post-info\">\n\t\t\t\t\t\t\t\t<li class=\"elementor-icon-list-item elementor-repeater-item-1044bf9 elementor-inline-item\" itemprop=\"datePublished\">\n\t\t\t\t\t\t<a href=\"https:\/\/eliasik-law.com\/es\/2019\/09\/25\/\">\n\t\t\t\t\t\t\t\t\t\t\t<span class=\"elementor-icon-list-icon\">\n\t\t\t\t\t\t\t\t<i aria-hidden=\"true\" class=\"fas fa-calendar\"><\/i>\t\t\t\t\t\t\t<\/span>\n\t\t\t\t\t\t\t\t\t<span class=\"elementor-icon-list-text elementor-post-info__item elementor-post-info__item--type-date\">\n\t\t\t\t\t\t\t\t\t\t<time>septiembre 25, 2019<\/time>\t\t\t\t\t<\/span>\n\t\t\t\t\t\t\t\t\t<\/a>\n\t\t\t\t<\/li>\n\t\t\t\t<\/ul>\n\t\t\t\t\t\t<\/div>\n\t\t\t\t<\/div>\n\t\t\t\t<\/div>\n\t\t\t\t<\/div>\n\t\t<div class=\"elementor-element elementor-element-381c8a9 e-con-full JE-postContent e-flex e-con e-child\" data-id=\"381c8a9\" data-element_type=\"container\" data-e-type=\"container\" data-settings=\"{&quot;background_background&quot;:&quot;classic&quot;}\">\n\t\t\t\t<div class=\"elementor-element elementor-element-a051382 elementor-widget elementor-widget-text-editor\" data-id=\"a051382\" data-element_type=\"widget\" data-e-type=\"widget\" data-widget_type=\"text-editor.default\">\n\t\t\t\t<div class=\"elementor-widget-container\">\n\t\t\t\t\t\t\t\t\t<p>Se supon\u00eda que el sistema de indemnizaci\u00f3n laboral estaba dise\u00f1ado para que los trabajadores recibieran f\u00e1cilmente asistencia por cualquier lesi\u00f3n que sufrieran en el trabajo. Pero no siempre es tan sencillo como deber\u00eda ser, y en esos casos, es probable que necesite la ayuda de uno de los muchos <a href=\"https:\/\/eliasik-law.com\/workers-compensation\/\">abogados de indemnizaci\u00f3n laboral en Chicago<\/a>. Pero, \u00bfcu\u00e1ndo necesita exactamente contratar a un abogado?  <\/p>\t\t\t\t\t\t\t\t<\/div>\n\t\t\t\t<\/div>\n\t\t\t\t<div class=\"elementor-element elementor-element-bf92753 elementor-widget elementor-widget-heading\" data-id=\"bf92753\" data-element_type=\"widget\" data-e-type=\"widget\" data-widget_type=\"heading.default\">\n\t\t\t\t<div class=\"elementor-widget-container\">\n\t\t\t\t\t<h2 class=\"elementor-heading-title elementor-size-default\">Casos en los que no es probable que sea necesario un abogado<\/h2>\t\t\t\t<\/div>\n\t\t\t\t<\/div>\n\t\t\t\t<div class=\"elementor-element elementor-element-8efdf2f elementor-widget elementor-widget-text-editor\" data-id=\"8efdf2f\" data-element_type=\"widget\" data-e-type=\"widget\" data-widget_type=\"text-editor.default\">\n\t\t\t\t<div class=\"elementor-widget-container\">\n\t\t\t\t\t\t\t\t\tHay algunos casos en los que los abogados de indemnizaci\u00f3n laboral en Chicago no van a ser necesarios para su situaci\u00f3n. Si su lesi\u00f3n est\u00e1 claramente relacionada con el trabajo, es probable que la compa\u00f1\u00eda de seguros pague r\u00e1pidamente y no cause problemas, por lo que no necesitar\u00e1 un abogado. Si su lesi\u00f3n no requiere un tratamiento m\u00e9dico extenso, o si no le aleja de su trabajo m\u00e1s de un par de d\u00edas, es probable que no tenga derecho a una indemnizaci\u00f3n laboral. Adem\u00e1s, si su lesi\u00f3n no resulta en una discapacidad permanente, es probable que no necesite un abogado que le ayude en su caso.   \n\n\t\t\t\t\t\t\t\t<\/div>\n\t\t\t\t<\/div>\n\t\t\t\t<div class=\"elementor-element elementor-element-7c0650b elementor-widget elementor-widget-heading\" data-id=\"7c0650b\" data-element_type=\"widget\" data-e-type=\"widget\" data-widget_type=\"heading.default\">\n\t\t\t\t<div class=\"elementor-widget-container\">\n\t\t\t\t\t<h2 class=\"elementor-heading-title elementor-size-default\">Casos en los que deber\u00eda contratar a un abogado de indemnizaci\u00f3n laboral<\/h2>\t\t\t\t<\/div>\n\t\t\t\t<\/div>\n\t\t\t\t<div class=\"elementor-element elementor-element-a3132f7 elementor-widget elementor-widget-text-editor\" data-id=\"a3132f7\" data-element_type=\"widget\" data-e-type=\"widget\" data-widget_type=\"text-editor.default\">\n\t\t\t\t<div class=\"elementor-widget-container\">\n\t\t\t\t\t\t\t\t\tSe sugiere encarecidamente contratar a abogados de indemnizaci\u00f3n laboral en Chicago si hay alguna disputa con la compa\u00f1\u00eda de seguros cuando presenta una reclamaci\u00f3n. Si necesita reunir pruebas, testimonios de expertos, un examen m\u00e9dico independiente, o si se encuentra en otra situaci\u00f3n en la que se requieran conocimientos y habilidades legales, entonces deber\u00eda considerar la posibilidad de contratar a un abogado de indemnizaci\u00f3n laboral. \n\n\t\t\t\t\t\t\t\t<\/div>\n\t\t\t\t<\/div>\n\t\t\t\t<div class=\"elementor-element elementor-element-92c992c elementor-widget elementor-widget-heading\" data-id=\"92c992c\" data-element_type=\"widget\" data-e-type=\"widget\" data-widget_type=\"heading.default\">\n\t\t\t\t<div class=\"elementor-widget-container\">\n\t\t\t\t\t<h2 class=\"elementor-heading-title elementor-size-default\">Reclamaci\u00f3n denegada<\/h2>\t\t\t\t<\/div>\n\t\t\t\t<\/div>\n\t\t\t\t<div class=\"elementor-element elementor-element-92ff4e0 elementor-widget elementor-widget-text-editor\" data-id=\"92ff4e0\" data-element_type=\"widget\" data-e-type=\"widget\" data-widget_type=\"text-editor.default\">\n\t\t\t\t<div class=\"elementor-widget-container\">\n\t\t\t\t\t\t\t\t\tSi su reclamaci\u00f3n de indemnizaci\u00f3n laboral ha sido denegada, puede haber una variedad de razones, desde que la documentaci\u00f3n se haya presentado demasiado tarde hasta la determinaci\u00f3n de que la lesi\u00f3n no estaba relacionada con el trabajo. Estas denegaciones pueden ser apeladas a trav\u00e9s del sistema de indemnizaci\u00f3n laboral, lo que probablemente requerir\u00e1 que contrate a abogados de indemnizaci\u00f3n laboral en Chicago para que le ayuden a construir un caso para usted para la audiencia. \n\n\t\t\t\t\t\t\t\t<\/div>\n\t\t\t\t<\/div>\n\t\t\t\t<div class=\"elementor-element elementor-element-ae3d4cc elementor-widget elementor-widget-heading\" data-id=\"ae3d4cc\" data-element_type=\"widget\" data-e-type=\"widget\" data-widget_type=\"heading.default\">\n\t\t\t\t<div class=\"elementor-widget-container\">\n\t\t\t\t\t<h2 class=\"elementor-heading-title elementor-size-default\">Condici\u00f3n preexistente<\/h2>\t\t\t\t<\/div>\n\t\t\t\t<\/div>\n\t\t\t\t<div class=\"elementor-element elementor-element-5d187ba elementor-widget elementor-widget-text-editor\" data-id=\"5d187ba\" data-element_type=\"widget\" data-e-type=\"widget\" data-widget_type=\"text-editor.default\">\n\t\t\t\t<div class=\"elementor-widget-container\">\n\t\t\t\t\t\t\t\t\t<p>Las condiciones preexistentes en la misma parte del cuerpo que se lesion\u00f3 en el trabajo pueden resultar en una r\u00e1pida denegaci\u00f3n de su reclamaci\u00f3n, y en una lucha para obtener la indemnizaci\u00f3n laboral. Puede ser especialmente complicado si su lesi\u00f3n se desarroll\u00f3 lentamente con el tiempo, como las lesiones por estr\u00e9s repetitivo; estas son m\u00e1s dif\u00edciles de probar que fueron causadas por su trabajo. Necesitar\u00e1 un abogado de indemnizaci\u00f3n laboral en Chicago para que le ayude.  <\/p>\t\t\t\t\t\t\t\t<\/div>\n\t\t\t\t<\/div>\n\t\t\t\t<div class=\"elementor-element elementor-element-2a5987e elementor-widget elementor-widget-heading\" data-id=\"2a5987e\" data-element_type=\"widget\" data-e-type=\"widget\" data-widget_type=\"heading.default\">\n\t\t\t\t<div class=\"elementor-widget-container\">\n\t\t\t\t\t<h2 class=\"elementor-heading-title elementor-size-default\">Su capacidad para trabajar se ha visto afectada permanentemente\n\n<\/h2>\t\t\t\t<\/div>\n\t\t\t\t<\/div>\n\t\t\t\t<div class=\"elementor-element elementor-element-26d0169 elementor-widget elementor-widget-text-editor\" data-id=\"26d0169\" data-element_type=\"widget\" data-e-type=\"widget\" data-widget_type=\"text-editor.default\">\n\t\t\t\t<div class=\"elementor-widget-container\">\n\t\t\t\t\t\t\t\t\tSi la lesi\u00f3n que ha sufrido va a dejarle permanentemente incapacitado para realizar su trabajo actual, lo que requiere un cambio de carrera, entonces puede contratar la ayuda de abogados de indemnizaci\u00f3n laboral en Chicago para maximizar sus beneficios de indemnizaci\u00f3n laboral y ayudarle a asegurar la formaci\u00f3n para una nueva l\u00ednea de trabajo.\n\n\t\t\t\t\t\t\t\t<\/div>\n\t\t\t\t<\/div>\n\t\t\t\t<div class=\"elementor-element elementor-element-4ce2536 elementor-widget elementor-widget-heading\" data-id=\"4ce2536\" data-element_type=\"widget\" data-e-type=\"widget\" data-widget_type=\"heading.default\">\n\t\t\t\t<div class=\"elementor-widget-container\">\n\t\t\t\t\t<h2 class=\"elementor-heading-title elementor-size-default\">No puede recibir el tratamiento que necesita<\/h2>\t\t\t\t<\/div>\n\t\t\t\t<\/div>\n\t\t\t\t<div class=\"elementor-element elementor-element-1ff4491 elementor-widget elementor-widget-text-editor\" data-id=\"1ff4491\" data-element_type=\"widget\" data-e-type=\"widget\" data-widget_type=\"text-editor.default\">\n\t\t\t\t<div class=\"elementor-widget-container\">\n\t\t\t\t\t\t\t\t\tA veces, las compa\u00f1\u00edas de seguros deniegan o retrasan la aprobaci\u00f3n de tratamientos m\u00e9dicos costosos, pero con la ayuda de abogados de indemnizaci\u00f3n laboral en Chicago, podr\u00e1 presionarles para que aceleren el proceso de aprobaci\u00f3n para conseguir su cirug\u00eda m\u00e1s r\u00e1pido y acelerar el tiempo de recuperaci\u00f3n.\n\n\t\t\t\t\t\t\t\t<\/div>\n\t\t\t\t<\/div>\n\t\t\t\t<div class=\"elementor-element elementor-element-004514b elementor-widget elementor-widget-heading\" data-id=\"004514b\" data-element_type=\"widget\" data-e-type=\"widget\" data-widget_type=\"heading.default\">\n\t\t\t\t<div class=\"elementor-widget-container\">\n\t\t\t\t\t<h2 class=\"elementor-heading-title elementor-size-default\">Problemas con la calificaci\u00f3n de discapacidad permanente<\/h2>\t\t\t\t<\/div>\n\t\t\t\t<\/div>\n\t\t\t\t<div class=\"elementor-element elementor-element-ec9dc67 elementor-widget elementor-widget-text-editor\" data-id=\"ec9dc67\" data-element_type=\"widget\" data-e-type=\"widget\" data-widget_type=\"text-editor.default\">\n\t\t\t\t<div class=\"elementor-widget-container\">\n\t\t\t\t\t\t\t\t\tLa mayor\u00eda de los acuerdos y concesiones de indemnizaci\u00f3n laboral est\u00e1n relacionados con las prestaciones por discapacidad permanente, pero las compa\u00f1\u00edas de seguros pueden disputar la calificaci\u00f3n de discapacidad permanente que le ha dado su m\u00e9dico, lo que afecta al n\u00famero de prestaciones que recibir\u00e1. Si se disputa, la compa\u00f1\u00eda de seguros puede exigirle que se someta a un examen m\u00e9dico independiente con un m\u00e9dico que ellos elijan, y a menudo, ese m\u00e9dico le asignar\u00e1 una calificaci\u00f3n inferior a la de su propio m\u00e9dico. La contrataci\u00f3n de abogados de indemnizaci\u00f3n laboral en Chicago le asegurar\u00e1 que obtenga un acuerdo justo y la calificaci\u00f3n apropiada de un juez.  \n\n\t\t\t\t\t\t\t\t<\/div>\n\t\t\t\t<\/div>\n\t\t\t\t<div class=\"elementor-element elementor-element-af1b4fb elementor-widget elementor-widget-heading\" data-id=\"af1b4fb\" data-element_type=\"widget\" data-e-type=\"widget\" data-widget_type=\"heading.default\">\n\t\t\t\t<div class=\"elementor-widget-container\">\n\t\t\t\t\t<h2 class=\"elementor-heading-title elementor-size-default\">Abogado de indemnizaci\u00f3n laboral: Vale la pena el coste\n<\/h2>\t\t\t\t<\/div>\n\t\t\t\t<\/div>\n\t\t\t\t<div class=\"elementor-element elementor-element-6f8a6a9 elementor-widget elementor-widget-text-editor\" data-id=\"6f8a6a9\" data-element_type=\"widget\" data-e-type=\"widget\" data-widget_type=\"text-editor.default\">\n\t\t\t\t<div class=\"elementor-widget-container\">\n\t\t\t\t\t\t\t\t\tDado que los abogados de indemnizaci\u00f3n laboral a menudo trabajan sobre una base de contingencia, tomando un porcentaje del acuerdo concedido que le ayudan a recibir, va a valer la pena su ayuda para obtener los beneficios de compensaci\u00f3n justos que necesita.\n\n\t\t\t\t\t\t\t\t<\/div>\n\t\t\t\t<\/div>\n\t\t\t\t<div class=\"elementor-element elementor-element-eff0d28 elementor-widget elementor-widget-text-editor\" data-id=\"eff0d28\" data-element_type=\"widget\" data-e-type=\"widget\" data-widget_type=\"text-editor.default\">\n\t\t\t\t<div class=\"elementor-widget-container\">\n\t\t\t\t\t\t\t\t\t<div class=\"entry-content\"><p>Si est\u00e1 buscando abogados de indemnizaci\u00f3n laboral en Chicago para que le ayuden con su reclamaci\u00f3n de indemnizaci\u00f3n laboral denegada o injusta, <a href=\"https:\/\/eliasik-law.com\/es\/contacto\/\">p\u00f3ngase en contacto con los bufetes de abogados de John S. Eliasik<\/a> hoy mismo para una consulta gratuita.<\/p><\/div>\t\t\t\t\t\t\t\t<\/div>\n\t\t\t\t<\/div>\n\t\t\t\t<div class=\"elementor-element elementor-element-848a7a8 elementor-widget elementor-widget-text-editor\" data-id=\"848a7a8\" data-element_type=\"widget\" data-e-type=\"widget\" data-widget_type=\"text-editor.default\">\n\t\t\t\t<div class=\"elementor-widget-container\">\n\t\t\t\t\t\t\t\t\t<div class=\"blog-cat\"><div class=\"entry-meta\"><div class=\"blog-cat\"><div class=\"entry-meta\"><div class=\"blog-cat\"><div class=\"entry-meta\">Categor\u00edas: <span class=\"cat-links\"><a href=\"https:\/\/eliasik-law.com\/es\/category\/compensacion-laboral\/\" rel=\"category tag\">indemnizaci\u00f3n laboral<\/a><\/span><\/div><\/div><\/div><\/div><\/div><\/div>\t\t\t\t\t\t\t\t<\/div>\n\t\t\t\t<\/div>\n\t\t\t\t<div class=\"elementor-element elementor-element-4f84809 elementor-widget elementor-widget-text-editor\" data-id=\"4f84809\" data-element_type=\"widget\" data-e-type=\"widget\" data-widget_type=\"text-editor.default\">\n\t\t\t\t<div class=\"elementor-widget-container\">\n\t\t\t\t\t\t\t\t\t Compartir en:\n[addtoany]\n\t\t\t\t\t\t\t\t<\/div>\n\t\t\t\t<\/div>\n\t\t\t\t<\/div>\n\t\t\t\t\t<\/div>\n\t\t\t\t<\/div>\n\t\t\t\t<\/div>\n\t\t","protected":false},"excerpt":{"rendered":"<p>Se supon\u00eda que el sistema de indemnizaci\u00f3n laboral estaba dise\u00f1ado para que los trabajadores recibieran f\u00e1cilmente asistencia por cualquier lesi\u00f3n que sufrieran en el trabajo. Pero no siempre es tan sencillo como deber\u00eda ser, y en esos casos, es probable que necesite la ayuda de uno de los muchos abogados de indemnizaci\u00f3n laboral en Chicago. [&hellip;]<\/p>\n","protected":false},"author":2,"featured_media":5102,"comment_status":"closed","ping_status":"open","sticky":false,"template":"elementor_header_footer","format":"standard","meta":{"footnotes":""},"categories":[74],"tags":[],"class_list":["post-5401","post","type-post","status-publish","format-standard","has-post-thumbnail","hentry","category-compensacion-laboral"],"yoast_head":"<!-- This site is optimized with the Yoast SEO plugin v27.4 - https:\/\/yoast.com\/product\/yoast-seo-wordpress\/ -->\n<title>-<\/title>\n<meta name=\"description\" content=\"Aprenda cu\u00e1ndo es necesario que contrate a un abogado de indemnizaci\u00f3n laboral para que le ayude a obtener la indemnizaci\u00f3n laboral que se merece.\" \/>\n<meta name=\"robots\" content=\"index, follow, max-snippet:-1, max-image-preview:large, max-video-preview:-1\" \/>\n<link rel=\"canonical\" href=\"https:\/\/eliasik-law.com\/es\/cuando-contratar-a-un-abogado-de-indemnizacion-laboral\/\" \/>\n<meta property=\"og:locale\" content=\"es_ES\" \/>\n<meta property=\"og:type\" content=\"article\" \/>\n<meta property=\"og:title\" content=\"-\" \/>\n<meta property=\"og:description\" content=\"Aprenda cu\u00e1ndo es necesario que contrate a un abogado de indemnizaci\u00f3n laboral para que le ayude a obtener la indemnizaci\u00f3n laboral que se merece.\" \/>\n<meta property=\"og:url\" content=\"https:\/\/eliasik-law.com\/es\/cuando-contratar-a-un-abogado-de-indemnizacion-laboral\/\" \/>\n<meta property=\"og:site_name\" content=\"Ley de Eliasik\" \/>\n<meta property=\"article:published_time\" content=\"2019-09-25T07:11:21+00:00\" \/>\n<meta property=\"article:modified_time\" content=\"2025-08-27T18:27:49+00:00\" \/>\n<meta property=\"og:image\" content=\"https:\/\/eliasik-law.com\/wp-content\/uploads\/2019\/09\/when-to-hire-lawyer.jpg\" \/>\n\t<meta property=\"og:image:width\" content=\"1920\" \/>\n\t<meta property=\"og:image:height\" content=\"1280\" \/>\n\t<meta property=\"og:image:type\" content=\"image\/jpeg\" \/>\n<meta name=\"author\" content=\"SetMySite Development Team\" \/>\n<meta name=\"twitter:label1\" content=\"Escrito por\" \/>\n\t<meta name=\"twitter:data1\" content=\"SetMySite Development Team\" \/>\n\t<meta name=\"twitter:label2\" content=\"Tiempo de lectura\" \/>\n\t<meta name=\"twitter:data2\" content=\"4 minutos\" \/>\n<script type=\"application\/ld+json\" class=\"yoast-schema-graph\">{\"@context\":\"https:\\\/\\\/schema.org\",\"@graph\":[{\"@type\":\"Article\",\"@id\":\"https:\\\/\\\/eliasik-law.com\\\/es\\\/cuando-contratar-a-un-abogado-de-indemnizacion-laboral\\\/#article\",\"isPartOf\":{\"@id\":\"https:\\\/\\\/eliasik-law.com\\\/es\\\/cuando-contratar-a-un-abogado-de-indemnizacion-laboral\\\/\"},\"author\":{\"name\":\"SetMySite Development Team\",\"@id\":\"https:\\\/\\\/eliasik-law.com\\\/es\\\/#\\\/schema\\\/person\\\/0e1f00c80fafb54acac392c2790f8d7b\"},\"headline\":\"\u00bfCu\u00e1ndo contratar a un abogado de indemnizaci\u00f3n laboral?\",\"datePublished\":\"2019-09-25T07:11:21+00:00\",\"dateModified\":\"2025-08-27T18:27:49+00:00\",\"mainEntityOfPage\":{\"@id\":\"https:\\\/\\\/eliasik-law.com\\\/es\\\/cuando-contratar-a-un-abogado-de-indemnizacion-laboral\\\/\"},\"wordCount\":838,\"publisher\":{\"@id\":\"https:\\\/\\\/eliasik-law.com\\\/es\\\/#organization\"},\"image\":{\"@id\":\"https:\\\/\\\/eliasik-law.com\\\/es\\\/cuando-contratar-a-un-abogado-de-indemnizacion-laboral\\\/#primaryimage\"},\"thumbnailUrl\":\"https:\\\/\\\/eliasik-law.com\\\/wp-content\\\/uploads\\\/2019\\\/09\\\/when-to-hire-lawyer.jpg\",\"articleSection\":[\"Compensaci\u00f3n laboral\"],\"inLanguage\":\"es\"},{\"@type\":\"WebPage\",\"@id\":\"https:\\\/\\\/eliasik-law.com\\\/es\\\/cuando-contratar-a-un-abogado-de-indemnizacion-laboral\\\/\",\"url\":\"https:\\\/\\\/eliasik-law.com\\\/es\\\/cuando-contratar-a-un-abogado-de-indemnizacion-laboral\\\/\",\"name\":\"-\",\"isPartOf\":{\"@id\":\"https:\\\/\\\/eliasik-law.com\\\/es\\\/#website\"},\"primaryImageOfPage\":{\"@id\":\"https:\\\/\\\/eliasik-law.com\\\/es\\\/cuando-contratar-a-un-abogado-de-indemnizacion-laboral\\\/#primaryimage\"},\"image\":{\"@id\":\"https:\\\/\\\/eliasik-law.com\\\/es\\\/cuando-contratar-a-un-abogado-de-indemnizacion-laboral\\\/#primaryimage\"},\"thumbnailUrl\":\"https:\\\/\\\/eliasik-law.com\\\/wp-content\\\/uploads\\\/2019\\\/09\\\/when-to-hire-lawyer.jpg\",\"datePublished\":\"2019-09-25T07:11:21+00:00\",\"dateModified\":\"2025-08-27T18:27:49+00:00\",\"description\":\"Aprenda cu\u00e1ndo es necesario que contrate a un abogado de indemnizaci\u00f3n laboral para que le ayude a obtener la indemnizaci\u00f3n laboral que se merece.\",\"inLanguage\":\"es\",\"potentialAction\":[{\"@type\":\"ReadAction\",\"target\":[\"https:\\\/\\\/eliasik-law.com\\\/es\\\/cuando-contratar-a-un-abogado-de-indemnizacion-laboral\\\/\"]}]},{\"@type\":\"ImageObject\",\"inLanguage\":\"es\",\"@id\":\"https:\\\/\\\/eliasik-law.com\\\/es\\\/cuando-contratar-a-un-abogado-de-indemnizacion-laboral\\\/#primaryimage\",\"url\":\"https:\\\/\\\/eliasik-law.com\\\/wp-content\\\/uploads\\\/2019\\\/09\\\/when-to-hire-lawyer.jpg\",\"contentUrl\":\"https:\\\/\\\/eliasik-law.com\\\/wp-content\\\/uploads\\\/2019\\\/09\\\/when-to-hire-lawyer.jpg\",\"width\":1920,\"height\":1280,\"caption\":\"Close-up of a person in a suit holding a black briefcase. Another person in a suit is blurred in the background.\"},{\"@type\":\"WebSite\",\"@id\":\"https:\\\/\\\/eliasik-law.com\\\/es\\\/#website\",\"url\":\"https:\\\/\\\/eliasik-law.com\\\/es\\\/\",\"name\":\"Ley de Eliasik\",\"description\":\"Abogados de lesiones personales en Chicago\",\"publisher\":{\"@id\":\"https:\\\/\\\/eliasik-law.com\\\/es\\\/#organization\"},\"potentialAction\":[{\"@type\":\"SearchAction\",\"target\":{\"@type\":\"EntryPoint\",\"urlTemplate\":\"https:\\\/\\\/eliasik-law.com\\\/es\\\/?s={search_term_string}\"},\"query-input\":{\"@type\":\"PropertyValueSpecification\",\"valueRequired\":true,\"valueName\":\"search_term_string\"}}],\"inLanguage\":\"es\"},{\"@type\":\"Organization\",\"@id\":\"https:\\\/\\\/eliasik-law.com\\\/es\\\/#organization\",\"name\":\"Las Oficinas Legales de John S. Eliasik\",\"url\":\"https:\\\/\\\/eliasik-law.com\\\/es\\\/\",\"logo\":{\"@type\":\"ImageObject\",\"inLanguage\":\"es\",\"@id\":\"https:\\\/\\\/eliasik-law.com\\\/es\\\/#\\\/schema\\\/logo\\\/image\\\/\",\"url\":\"https:\\\/\\\/eliasik-law.com\\\/wp-content\\\/uploads\\\/2023\\\/07\\\/eliasik-law-logo-2-e1679440521344-min.gif\",\"contentUrl\":\"https:\\\/\\\/eliasik-law.com\\\/wp-content\\\/uploads\\\/2023\\\/07\\\/eliasik-law-logo-2-e1679440521344-min.gif\",\"width\":550,\"height\":102,\"caption\":\"Las Oficinas Legales de John S. Eliasik\"},\"image\":{\"@id\":\"https:\\\/\\\/eliasik-law.com\\\/es\\\/#\\\/schema\\\/logo\\\/image\\\/\"}},{\"@type\":\"Person\",\"@id\":\"https:\\\/\\\/eliasik-law.com\\\/es\\\/#\\\/schema\\\/person\\\/0e1f00c80fafb54acac392c2790f8d7b\",\"name\":\"SetMySite Development Team\",\"image\":{\"@type\":\"ImageObject\",\"inLanguage\":\"es\",\"@id\":\"https:\\\/\\\/secure.gravatar.com\\\/avatar\\\/d66977c79a2aae348f70434080d629fe64c25fbd9fe774d8c09f73781bc9a13b?s=96&d=mm&r=g\",\"url\":\"https:\\\/\\\/secure.gravatar.com\\\/avatar\\\/d66977c79a2aae348f70434080d629fe64c25fbd9fe774d8c09f73781bc9a13b?s=96&d=mm&r=g\",\"contentUrl\":\"https:\\\/\\\/secure.gravatar.com\\\/avatar\\\/d66977c79a2aae348f70434080d629fe64c25fbd9fe774d8c09f73781bc9a13b?s=96&d=mm&r=g\",\"caption\":\"SetMySite Development Team\"},\"url\":\"https:\\\/\\\/eliasik-law.com\\\/es\\\/author\\\/devteam\\\/\"}]}<\/script>\n<!-- \/ Yoast SEO plugin. -->","yoast_head_json":{"title":"-","description":"Aprenda cu\u00e1ndo es necesario que contrate a un abogado de indemnizaci\u00f3n laboral para que le ayude a obtener la indemnizaci\u00f3n laboral que se merece.","robots":{"index":"index","follow":"follow","max-snippet":"max-snippet:-1","max-image-preview":"max-image-preview:large","max-video-preview":"max-video-preview:-1"},"canonical":"https:\/\/eliasik-law.com\/es\/cuando-contratar-a-un-abogado-de-indemnizacion-laboral\/","og_locale":"es_ES","og_type":"article","og_title":"-","og_description":"Aprenda cu\u00e1ndo es necesario que contrate a un abogado de indemnizaci\u00f3n laboral para que le ayude a obtener la indemnizaci\u00f3n laboral que se merece.","og_url":"https:\/\/eliasik-law.com\/es\/cuando-contratar-a-un-abogado-de-indemnizacion-laboral\/","og_site_name":"Ley de Eliasik","article_published_time":"2019-09-25T07:11:21+00:00","article_modified_time":"2025-08-27T18:27:49+00:00","og_image":[{"width":1920,"height":1280,"url":"https:\/\/eliasik-law.com\/wp-content\/uploads\/2019\/09\/when-to-hire-lawyer.jpg","type":"image\/jpeg"}],"author":"SetMySite Development Team","twitter_misc":{"Escrito por":"SetMySite Development Team","Tiempo de lectura":"4 minutos"},"schema":{"@context":"https:\/\/schema.org","@graph":[{"@type":"Article","@id":"https:\/\/eliasik-law.com\/es\/cuando-contratar-a-un-abogado-de-indemnizacion-laboral\/#article","isPartOf":{"@id":"https:\/\/eliasik-law.com\/es\/cuando-contratar-a-un-abogado-de-indemnizacion-laboral\/"},"author":{"name":"SetMySite Development Team","@id":"https:\/\/eliasik-law.com\/es\/#\/schema\/person\/0e1f00c80fafb54acac392c2790f8d7b"},"headline":"\u00bfCu\u00e1ndo contratar a un abogado de indemnizaci\u00f3n laboral?","datePublished":"2019-09-25T07:11:21+00:00","dateModified":"2025-08-27T18:27:49+00:00","mainEntityOfPage":{"@id":"https:\/\/eliasik-law.com\/es\/cuando-contratar-a-un-abogado-de-indemnizacion-laboral\/"},"wordCount":838,"publisher":{"@id":"https:\/\/eliasik-law.com\/es\/#organization"},"image":{"@id":"https:\/\/eliasik-law.com\/es\/cuando-contratar-a-un-abogado-de-indemnizacion-laboral\/#primaryimage"},"thumbnailUrl":"https:\/\/eliasik-law.com\/wp-content\/uploads\/2019\/09\/when-to-hire-lawyer.jpg","articleSection":["Compensaci\u00f3n laboral"],"inLanguage":"es"},{"@type":"WebPage","@id":"https:\/\/eliasik-law.com\/es\/cuando-contratar-a-un-abogado-de-indemnizacion-laboral\/","url":"https:\/\/eliasik-law.com\/es\/cuando-contratar-a-un-abogado-de-indemnizacion-laboral\/","name":"-","isPartOf":{"@id":"https:\/\/eliasik-law.com\/es\/#website"},"primaryImageOfPage":{"@id":"https:\/\/eliasik-law.com\/es\/cuando-contratar-a-un-abogado-de-indemnizacion-laboral\/#primaryimage"},"image":{"@id":"https:\/\/eliasik-law.com\/es\/cuando-contratar-a-un-abogado-de-indemnizacion-laboral\/#primaryimage"},"thumbnailUrl":"https:\/\/eliasik-law.com\/wp-content\/uploads\/2019\/09\/when-to-hire-lawyer.jpg","datePublished":"2019-09-25T07:11:21+00:00","dateModified":"2025-08-27T18:27:49+00:00","description":"Aprenda cu\u00e1ndo es necesario que contrate a un abogado de indemnizaci\u00f3n laboral para que le ayude a obtener la indemnizaci\u00f3n laboral que se merece.","inLanguage":"es","potentialAction":[{"@type":"ReadAction","target":["https:\/\/eliasik-law.com\/es\/cuando-contratar-a-un-abogado-de-indemnizacion-laboral\/"]}]},{"@type":"ImageObject","inLanguage":"es","@id":"https:\/\/eliasik-law.com\/es\/cuando-contratar-a-un-abogado-de-indemnizacion-laboral\/#primaryimage","url":"https:\/\/eliasik-law.com\/wp-content\/uploads\/2019\/09\/when-to-hire-lawyer.jpg","contentUrl":"https:\/\/eliasik-law.com\/wp-content\/uploads\/2019\/09\/when-to-hire-lawyer.jpg","width":1920,"height":1280,"caption":"Close-up of a person in a suit holding a black briefcase. Another person in a suit is blurred in the background."},{"@type":"WebSite","@id":"https:\/\/eliasik-law.com\/es\/#website","url":"https:\/\/eliasik-law.com\/es\/","name":"Ley de Eliasik","description":"Abogados de lesiones personales en Chicago","publisher":{"@id":"https:\/\/eliasik-law.com\/es\/#organization"},"potentialAction":[{"@type":"SearchAction","target":{"@type":"EntryPoint","urlTemplate":"https:\/\/eliasik-law.com\/es\/?s={search_term_string}"},"query-input":{"@type":"PropertyValueSpecification","valueRequired":true,"valueName":"search_term_string"}}],"inLanguage":"es"},{"@type":"Organization","@id":"https:\/\/eliasik-law.com\/es\/#organization","name":"Las Oficinas Legales de John S. Eliasik","url":"https:\/\/eliasik-law.com\/es\/","logo":{"@type":"ImageObject","inLanguage":"es","@id":"https:\/\/eliasik-law.com\/es\/#\/schema\/logo\/image\/","url":"https:\/\/eliasik-law.com\/wp-content\/uploads\/2023\/07\/eliasik-law-logo-2-e1679440521344-min.gif","contentUrl":"https:\/\/eliasik-law.com\/wp-content\/uploads\/2023\/07\/eliasik-law-logo-2-e1679440521344-min.gif","width":550,"height":102,"caption":"Las Oficinas Legales de John S. Eliasik"},"image":{"@id":"https:\/\/eliasik-law.com\/es\/#\/schema\/logo\/image\/"}},{"@type":"Person","@id":"https:\/\/eliasik-law.com\/es\/#\/schema\/person\/0e1f00c80fafb54acac392c2790f8d7b","name":"SetMySite Development Team","image":{"@type":"ImageObject","inLanguage":"es","@id":"https:\/\/secure.gravatar.com\/avatar\/d66977c79a2aae348f70434080d629fe64c25fbd9fe774d8c09f73781bc9a13b?s=96&d=mm&r=g","url":"https:\/\/secure.gravatar.com\/avatar\/d66977c79a2aae348f70434080d629fe64c25fbd9fe774d8c09f73781bc9a13b?s=96&d=mm&r=g","contentUrl":"https:\/\/secure.gravatar.com\/avatar\/d66977c79a2aae348f70434080d629fe64c25fbd9fe774d8c09f73781bc9a13b?s=96&d=mm&r=g","caption":"SetMySite Development Team"},"url":"https:\/\/eliasik-law.com\/es\/author\/devteam\/"}]}},"jetpack_featured_media_url":"https:\/\/eliasik-law.com\/wp-content\/uploads\/2019\/09\/when-to-hire-lawyer.jpg","_links":{"self":[{"href":"https:\/\/eliasik-law.com\/es\/wp-json\/wp\/v2\/posts\/5401","targetHints":{"allow":["GET"]}}],"collection":[{"href":"https:\/\/eliasik-law.com\/es\/wp-json\/wp\/v2\/posts"}],"about":[{"href":"https:\/\/eliasik-law.com\/es\/wp-json\/wp\/v2\/types\/post"}],"author":[{"embeddable":true,"href":"https:\/\/eliasik-law.com\/es\/wp-json\/wp\/v2\/users\/2"}],"replies":[{"embeddable":true,"href":"https:\/\/eliasik-law.com\/es\/wp-json\/wp\/v2\/comments?post=5401"}],"version-history":[{"count":1,"href":"https:\/\/eliasik-law.com\/es\/wp-json\/wp\/v2\/posts\/5401\/revisions"}],"predecessor-version":[{"id":5402,"href":"https:\/\/eliasik-law.com\/es\/wp-json\/wp\/v2\/posts\/5401\/revisions\/5402"}],"wp:featuredmedia":[{"embeddable":true,"href":"https:\/\/eliasik-law.com\/es\/wp-json\/wp\/v2\/media\/5102"}],"wp:attachment":[{"href":"https:\/\/eliasik-law.com\/es\/wp-json\/wp\/v2\/media?parent=5401"}],"wp:term":[{"taxonomy":"category","embeddable":true,"href":"https:\/\/eliasik-law.com\/es\/wp-json\/wp\/v2\/categories?post=5401"},{"taxonomy":"post_tag","embeddable":true,"href":"https:\/\/eliasik-law.com\/es\/wp-json\/wp\/v2\/tags?post=5401"}],"curies":[{"name":"wp","href":"https:\/\/api.w.org\/{rel}","templated":true}]}}