{"id":5536,"date":"2017-07-21T11:50:27","date_gmt":"2017-07-21T18:50:27","guid":{"rendered":"https:\/\/eliasik-law.com\/el-mal-tiempo-provoca-un-accidente-que-deja-tres-heridos\/"},"modified":"2025-09-05T09:52:39","modified_gmt":"2025-09-05T16:52:39","slug":"el-mal-tiempo-provoca-un-accidente-que-deja-tres-heridos","status":"publish","type":"post","link":"https:\/\/eliasik-law.com\/es\/el-mal-tiempo-provoca-un-accidente-que-deja-tres-heridos\/","title":{"rendered":"El mal tiempo provoca un accidente que deja tres heridos"},"content":{"rendered":"\t\t<div data-elementor-type=\"wp-post\" data-elementor-id=\"5536\" class=\"elementor elementor-5536 elementor-3768\" data-elementor-post-type=\"post\">\n\t\t\t\t<div class=\"elementor-element elementor-element-b05a12a e-flex e-con-boxed e-con e-parent\" data-id=\"b05a12a\" data-element_type=\"container\" data-e-type=\"container\">\n\t\t\t\t\t<div class=\"e-con-inner\">\n\t\t<div class=\"elementor-element elementor-element-d9aa5b7 e-con-full e-flex e-con e-child\" data-id=\"d9aa5b7\" data-element_type=\"container\" data-e-type=\"container\">\n\t\t<div class=\"elementor-element elementor-element-d83e10b e-con-full e-flex e-con e-child\" data-id=\"d83e10b\" data-element_type=\"container\" data-e-type=\"container\">\n\t\t\t\t<div class=\"elementor-element elementor-element-3205882 elementor-widget elementor-widget-theme-post-title elementor-page-title elementor-widget-heading\" data-id=\"3205882\" data-element_type=\"widget\" data-e-type=\"widget\" data-widget_type=\"theme-post-title.default\">\n\t\t\t\t<div class=\"elementor-widget-container\">\n\t\t\t\t\t<h1 class=\"elementor-heading-title elementor-size-default\">El mal tiempo provoca un accidente que deja tres heridos<\/h1>\t\t\t\t<\/div>\n\t\t\t\t<\/div>\n\t\t\t\t<div class=\"elementor-element elementor-element-5b26303 elementor-widget elementor-widget-theme-post-featured-image elementor-widget-image\" data-id=\"5b26303\" data-element_type=\"widget\" data-e-type=\"widget\" data-widget_type=\"theme-post-featured-image.default\">\n\t\t\t\t<div class=\"elementor-widget-container\">\n\t\t\t\t\t\t\t\t\t\t\t\t\t\t\t<img fetchpriority=\"high\" decoding=\"async\" width=\"1920\" height=\"1280\" src=\"https:\/\/eliasik-law.com\/wp-content\/uploads\/2017\/07\/weather-crash.jpg\" class=\"attachment-full size-full wp-image-5087\" alt=\"A bearded man drives a black vehicle through the rain, surrounded by greenery.\" srcset=\"https:\/\/eliasik-law.com\/wp-content\/uploads\/2017\/07\/weather-crash.jpg 1920w, https:\/\/eliasik-law.com\/wp-content\/uploads\/2017\/07\/weather-crash-300x200.jpg 300w, https:\/\/eliasik-law.com\/wp-content\/uploads\/2017\/07\/weather-crash-1024x683.jpg 1024w, https:\/\/eliasik-law.com\/wp-content\/uploads\/2017\/07\/weather-crash-768x512.jpg 768w, https:\/\/eliasik-law.com\/wp-content\/uploads\/2017\/07\/weather-crash-1536x1024.jpg 1536w\" sizes=\"(max-width: 1920px) 100vw, 1920px\" \/>\t\t\t\t\t\t\t\t\t\t\t\t\t\t\t<\/div>\n\t\t\t\t<\/div>\n\t\t\t\t<div class=\"elementor-element elementor-element-3986451 elementor-align-center elementor-widget elementor-widget-post-info\" data-id=\"3986451\" data-element_type=\"widget\" data-e-type=\"widget\" data-widget_type=\"post-info.default\">\n\t\t\t\t<div class=\"elementor-widget-container\">\n\t\t\t\t\t\t\t<ul class=\"elementor-inline-items elementor-icon-list-items elementor-post-info\">\n\t\t\t\t\t\t\t\t<li class=\"elementor-icon-list-item elementor-repeater-item-1044bf9 elementor-inline-item\" itemprop=\"datePublished\">\n\t\t\t\t\t\t<a href=\"https:\/\/eliasik-law.com\/es\/2017\/07\/21\/\">\n\t\t\t\t\t\t\t\t\t\t\t<span class=\"elementor-icon-list-icon\">\n\t\t\t\t\t\t\t\t<i aria-hidden=\"true\" class=\"fas fa-calendar\"><\/i>\t\t\t\t\t\t\t<\/span>\n\t\t\t\t\t\t\t\t\t<span class=\"elementor-icon-list-text elementor-post-info__item elementor-post-info__item--type-date\">\n\t\t\t\t\t\t\t\t\t\t<time>julio 21, 2017<\/time>\t\t\t\t\t<\/span>\n\t\t\t\t\t\t\t\t\t<\/a>\n\t\t\t\t<\/li>\n\t\t\t\t<\/ul>\n\t\t\t\t\t\t<\/div>\n\t\t\t\t<\/div>\n\t\t\t\t<\/div>\n\t\t\t\t<\/div>\n\t\t<div class=\"elementor-element elementor-element-381c8a9 e-con-full JE-postContent e-flex e-con e-child\" data-id=\"381c8a9\" data-element_type=\"container\" data-e-type=\"container\" data-settings=\"{&quot;background_background&quot;:&quot;classic&quot;}\">\n\t\t\t\t<div class=\"elementor-element elementor-element-a051382 elementor-widget elementor-widget-text-editor\" data-id=\"a051382\" data-element_type=\"widget\" data-e-type=\"widget\" data-widget_type=\"text-editor.default\">\n\t\t\t\t<div class=\"elementor-widget-container\">\n\t\t\t\t\t\t\t\t\tEl mal tiempo y las inundaciones provocaron un accidente que dej\u00f3 tres personas heridas la ma\u00f1ana del 20 de julio en el \u00e1rea de Chicago. Fuertes lluvias, tormentas el\u00e9ctricas severas y carreteras mojadas provocaron m\u00faltiples accidentes. El mal tiempo dificult\u00f3 la visibilidad y el frenado de los conductores.  \n\n\t\t\t\t\t\t\t\t<\/div>\n\t\t\t\t<\/div>\n\t\t\t\t<div class=\"elementor-element elementor-element-b3c8c34 elementor-widget elementor-widget-text-editor\" data-id=\"b3c8c34\" data-element_type=\"widget\" data-e-type=\"widget\" data-widget_type=\"text-editor.default\">\n\t\t\t\t<div class=\"elementor-widget-container\">\n\t\t\t\t\t\t\t\t\tTres personas resultaron heridas en un accidente con tantos veh\u00edculos en la autopista Edens, en Skokie, un suburbio de Chicago. Una de ellas sufri\u00f3 lesiones graves en el accidente. \n\n\t\t\t\t\t\t\t\t<\/div>\n\t\t\t\t<\/div>\n\t\t\t\t<div class=\"elementor-element elementor-element-8efdf2f elementor-widget elementor-widget-text-editor\" data-id=\"8efdf2f\" data-element_type=\"widget\" data-e-type=\"widget\" data-widget_type=\"text-editor.default\">\n\t\t\t\t<div class=\"elementor-widget-container\">\n\t\t\t\t\t\t\t\t\tEl accidente comenz\u00f3 cuando el conductor de un Subaru, de 25 a\u00f1os, perdi\u00f3 el control en la I-94 a las 4:54 a. m. La Polic\u00eda Estatal de Illinois inform\u00f3 que el veh\u00edculo derrap\u00f3 sobre la carretera mojada y choc\u00f3 contra el muro del lado izquierdo de la calzada. Posteriormente, el Subaru fue impactado por un Volvo. Un hombre de 40 a\u00f1os que conduc\u00eda un Buick presenci\u00f3 el accidente, pero no pudo frenar a tiempo debido a las condiciones clim\u00e1ticas.   \n\n\t\t\t\t\t\t\t\t<\/div>\n\t\t\t\t<\/div>\n\t\t\t\t<div class=\"elementor-element elementor-element-76c2b8d elementor-widget elementor-widget-text-editor\" data-id=\"76c2b8d\" data-element_type=\"widget\" data-e-type=\"widget\" data-widget_type=\"text-editor.default\">\n\t\t\t\t<div class=\"elementor-widget-container\">\n\t\t\t\t\t\t\t\t\tDos de los tres veh\u00edculos involucrados en el accidente sufrieron da\u00f1os graves y una v\u00edctima tuvo que ser rescatada del veh\u00edculo por los bomberos. El conductor del Subaru sufri\u00f3 lesiones graves que pusieron en peligro su vida y fue trasladado al Hospital Presence St. Francis. La v\u00edctima, de 25 a\u00f1os, tuvo que ser operada y se encontraba en estado cr\u00edtico.  \t\t\t\t\t\t\t\t<\/div>\n\t\t\t\t<\/div>\n\t\t\t\t<div class=\"elementor-element elementor-element-5fef703 elementor-widget elementor-widget-text-editor\" data-id=\"5fef703\" data-element_type=\"widget\" data-e-type=\"widget\" data-widget_type=\"text-editor.default\">\n\t\t\t\t<div class=\"elementor-widget-container\">\n\t\t\t\t\t\t\t\t\tLas otras dos v\u00edctimas fueron trasladadas al Hospital Evanston NorthShore. Seg\u00fan la polic\u00eda estatal, sus lesiones no pon\u00edan en peligro su vida y su estado se estabiliz\u00f3 en el hospital. La polic\u00eda estatal indic\u00f3 que los tres conductores llevaban puesto el cintur\u00f3n de seguridad en el momento del accidente, que a\u00fan se investiga.  \n\n\t\t\t\t\t\t\t\t<\/div>\n\t\t\t\t<\/div>\n\t\t\t\t<div class=\"elementor-element elementor-element-9e2533a elementor-widget elementor-widget-text-editor\" data-id=\"9e2533a\" data-element_type=\"widget\" data-e-type=\"widget\" data-widget_type=\"text-editor.default\">\n\t\t\t\t<div class=\"elementor-widget-container\">\n\t\t\t\t\t\t\t\t\t<p>Sufrir una lesi\u00f3n en un <a href=\"https:\/\/eliasik-law.com\/es\/accidentes-automovilisticos\/\" target=\"_blank\" rel=\"noopener\">accidente automovil\u00edstico en Chicago<\/a> es aterrador y estresante. Un abogado con experiencia en lesiones personales puede guiarlo a trav\u00e9s del proceso de litigio para que pueda obtener una compensaci\u00f3n adecuada por sus lesiones. <\/p>\t\t\t\t\t\t\t\t<\/div>\n\t\t\t\t<\/div>\n\t\t\t\t<div class=\"elementor-element elementor-element-848a7a8 elementor-widget elementor-widget-text-editor\" data-id=\"848a7a8\" data-element_type=\"widget\" data-e-type=\"widget\" data-widget_type=\"text-editor.default\">\n\t\t\t\t<div class=\"elementor-widget-container\">\n\t\t\t\t\t\t\t\t\t<div class=\"blog-cat\"><div class=\"entry-meta\"><div class=\"blog-cat\"><div class=\"entry-meta\"><div class=\"blog-cat\"><div class=\"entry-meta\"><div class=\"entry-content\"><div class=\"blog-cat\"><div class=\"entry-meta\"><div class=\"entry-content\"><p><b>Fuente:<\/b> ABC7, \u201c <a href=\"http:\/\/abc7chicago.com\/weather\/3-injured-in-edens-wreck;-more-rain-falls-on-flooded-communities\/2236042\/\" target=\"_blank\" rel=\"noopener\">El tiempo en Chicago: Tres heridos en el accidente de Edens; m\u00e1s lluvias en comunidades inundadas<\/a> \u201d, 20 de julio de 2017<\/p><\/div><\/div><\/div><\/div><\/div><\/div><\/div><\/div><\/div><\/div>\t\t\t\t\t\t\t\t<\/div>\n\t\t\t\t<\/div>\n\t\t\t\t<div class=\"elementor-element elementor-element-3d1d61a elementor-widget elementor-widget-text-editor\" data-id=\"3d1d61a\" data-element_type=\"widget\" data-e-type=\"widget\" data-widget_type=\"text-editor.default\">\n\t\t\t\t<div class=\"elementor-widget-container\">\n\t\t\t\t\t\t\t\t\t<div class=\"blog-cat\"><div class=\"entry-meta\"><div class=\"blog-cat\"><div class=\"entry-meta\"><div class=\"blog-cat\"><div class=\"entry-meta\"><div class=\"entry-content\"><div class=\"blog-cat\"><div class=\"entry-meta\"><div class=\"entry-content\"><div class=\"blog-cat\"><div class=\"entry-meta\">Categor\u00edas: <span class=\"cat-links\"><a href=\"https:\/\/eliasik-law.com\/es\/category\/accidentes-de-vehiculos-de-motor\/\" rel=\"category tag\">Accidentes automovil\u00edsticos<\/a><\/span><\/div><\/div><\/div><\/div><\/div><\/div><\/div><\/div><\/div><\/div><\/div><\/div>\t\t\t\t\t\t\t\t<\/div>\n\t\t\t\t<\/div>\n\t\t\t\t<div class=\"elementor-element elementor-element-391378b elementor-widget elementor-widget-text-editor\" data-id=\"391378b\" data-element_type=\"widget\" data-e-type=\"widget\" data-widget_type=\"text-editor.default\">\n\t\t\t\t<div class=\"elementor-widget-container\">\n\t\t\t\t\t\t\t\t\t<p>Compartir en:[addtoany]<\/p>\t\t\t\t\t\t\t\t<\/div>\n\t\t\t\t<\/div>\n\t\t\t\t<div class=\"elementor-element elementor-element-bb77483 elementor-widget elementor-widget-text-editor\" data-id=\"bb77483\" data-element_type=\"widget\" data-e-type=\"widget\" data-widget_type=\"text-editor.default\">\n\t\t\t\t<div class=\"elementor-widget-container\">\n\t\t\t\t\t\t\t\t\t<footer class=\"entry-meta\"><footer class=\"entry-meta\"><footer class=\"entry-meta\"><footer class=\"entry-meta\"><footer class=\"entry-meta\"><span class=\"tag-title\">Etiquetas:<\/span> <span class=\"tag-links\"><a href=\"https:\/\/eliasik-law.com\/es\/tag\/accidentes-de-vehiculos-de-motor\/\" rel=\"tag\">Accidentes automovil\u00edsticos<\/a><\/span><\/footer><\/footer><\/footer><\/footer><\/footer>\t\t\t\t\t\t\t\t<\/div>\n\t\t\t\t<\/div>\n\t\t\t\t<\/div>\n\t\t\t\t\t<\/div>\n\t\t\t\t<\/div>\n\t\t\t\t<\/div>\n\t\t","protected":false},"excerpt":{"rendered":"<p>El mal tiempo y las inundaciones provocaron un accidente que dej\u00f3 tres personas heridas la ma\u00f1ana del 20 de julio en el \u00e1rea de Chicago. Fuertes lluvias, tormentas el\u00e9ctricas severas y carreteras mojadas provocaron m\u00faltiples accidentes. El mal tiempo dificult\u00f3 la visibilidad y el frenado de los conductores. Tres personas resultaron heridas en un accidente [&hellip;]<\/p>\n","protected":false},"author":2,"featured_media":5087,"comment_status":"closed","ping_status":"open","sticky":false,"template":"elementor_header_footer","format":"standard","meta":{"footnotes":""},"categories":[68],"tags":[73],"class_list":["post-5536","post","type-post","status-publish","format-standard","has-post-thumbnail","hentry","category-accidentes-de-vehiculos-de-motor","tag-accidentes-de-vehiculos-de-motor"],"yoast_head":"<!-- This site is optimized with the Yoast SEO plugin v27.4 - https:\/\/yoast.com\/product\/yoast-seo-wordpress\/ -->\n<title>El mal tiempo provoca un accidente que deja tres heridos | Bufete de abogados de John S. Eliasik<\/title>\n<meta name=\"description\" content=\"El clima severo y las inundaciones provocaron un accidente que dej\u00f3 tres heridos la ma\u00f1ana del 20 de julio en el \u00e1rea de Chicago. Accidentes de veh\u00edculos motorizados.\" \/>\n<meta name=\"robots\" content=\"index, follow, max-snippet:-1, max-image-preview:large, max-video-preview:-1\" \/>\n<link rel=\"canonical\" href=\"https:\/\/eliasik-law.com\/es\/el-mal-tiempo-provoca-un-accidente-que-deja-tres-heridos\/\" \/>\n<meta property=\"og:locale\" content=\"es_ES\" \/>\n<meta property=\"og:type\" content=\"article\" \/>\n<meta property=\"og:title\" content=\"El mal tiempo provoca un accidente que deja tres heridos | Bufete de abogados de John S. Eliasik\" \/>\n<meta property=\"og:description\" content=\"El clima severo y las inundaciones provocaron un accidente que dej\u00f3 tres heridos la ma\u00f1ana del 20 de julio en el \u00e1rea de Chicago. Accidentes de veh\u00edculos motorizados.\" \/>\n<meta property=\"og:url\" content=\"https:\/\/eliasik-law.com\/es\/el-mal-tiempo-provoca-un-accidente-que-deja-tres-heridos\/\" \/>\n<meta property=\"og:site_name\" content=\"Ley de Eliasik\" \/>\n<meta property=\"article:published_time\" content=\"2017-07-21T18:50:27+00:00\" \/>\n<meta property=\"article:modified_time\" content=\"2025-09-05T16:52:39+00:00\" \/>\n<meta property=\"og:image\" content=\"https:\/\/eliasik-law.com\/wp-content\/uploads\/2017\/07\/weather-crash.jpg\" \/>\n\t<meta property=\"og:image:width\" content=\"1920\" \/>\n\t<meta property=\"og:image:height\" content=\"1280\" \/>\n\t<meta property=\"og:image:type\" content=\"image\/jpeg\" \/>\n<meta name=\"author\" content=\"SetMySite Development Team\" \/>\n<meta name=\"twitter:label1\" content=\"Escrito por\" \/>\n\t<meta name=\"twitter:data1\" content=\"SetMySite Development Team\" \/>\n\t<meta name=\"twitter:label2\" content=\"Tiempo de lectura\" \/>\n\t<meta name=\"twitter:data2\" content=\"2 minutos\" \/>\n<script type=\"application\/ld+json\" class=\"yoast-schema-graph\">{\"@context\":\"https:\\\/\\\/schema.org\",\"@graph\":[{\"@type\":\"Article\",\"@id\":\"https:\\\/\\\/eliasik-law.com\\\/es\\\/el-mal-tiempo-provoca-un-accidente-que-deja-tres-heridos\\\/#article\",\"isPartOf\":{\"@id\":\"https:\\\/\\\/eliasik-law.com\\\/es\\\/el-mal-tiempo-provoca-un-accidente-que-deja-tres-heridos\\\/\"},\"author\":{\"name\":\"SetMySite Development Team\",\"@id\":\"https:\\\/\\\/eliasik-law.com\\\/es\\\/#\\\/schema\\\/person\\\/0e1f00c80fafb54acac392c2790f8d7b\"},\"headline\":\"El mal tiempo provoca un accidente que deja tres heridos\",\"datePublished\":\"2017-07-21T18:50:27+00:00\",\"dateModified\":\"2025-09-05T16:52:39+00:00\",\"mainEntityOfPage\":{\"@id\":\"https:\\\/\\\/eliasik-law.com\\\/es\\\/el-mal-tiempo-provoca-un-accidente-que-deja-tres-heridos\\\/\"},\"wordCount\":374,\"publisher\":{\"@id\":\"https:\\\/\\\/eliasik-law.com\\\/es\\\/#organization\"},\"image\":{\"@id\":\"https:\\\/\\\/eliasik-law.com\\\/es\\\/el-mal-tiempo-provoca-un-accidente-que-deja-tres-heridos\\\/#primaryimage\"},\"thumbnailUrl\":\"https:\\\/\\\/eliasik-law.com\\\/wp-content\\\/uploads\\\/2017\\\/07\\\/weather-crash.jpg\",\"keywords\":[\"Accidentes de veh\u00edculos de motor\"],\"articleSection\":[\"Accidentes de veh\u00edculos de motor\"],\"inLanguage\":\"es\"},{\"@type\":\"WebPage\",\"@id\":\"https:\\\/\\\/eliasik-law.com\\\/es\\\/el-mal-tiempo-provoca-un-accidente-que-deja-tres-heridos\\\/\",\"url\":\"https:\\\/\\\/eliasik-law.com\\\/es\\\/el-mal-tiempo-provoca-un-accidente-que-deja-tres-heridos\\\/\",\"name\":\"El mal tiempo provoca un accidente que deja tres heridos | Bufete de abogados de John S. Eliasik\",\"isPartOf\":{\"@id\":\"https:\\\/\\\/eliasik-law.com\\\/es\\\/#website\"},\"primaryImageOfPage\":{\"@id\":\"https:\\\/\\\/eliasik-law.com\\\/es\\\/el-mal-tiempo-provoca-un-accidente-que-deja-tres-heridos\\\/#primaryimage\"},\"image\":{\"@id\":\"https:\\\/\\\/eliasik-law.com\\\/es\\\/el-mal-tiempo-provoca-un-accidente-que-deja-tres-heridos\\\/#primaryimage\"},\"thumbnailUrl\":\"https:\\\/\\\/eliasik-law.com\\\/wp-content\\\/uploads\\\/2017\\\/07\\\/weather-crash.jpg\",\"datePublished\":\"2017-07-21T18:50:27+00:00\",\"dateModified\":\"2025-09-05T16:52:39+00:00\",\"description\":\"El clima severo y las inundaciones provocaron un accidente que dej\u00f3 tres heridos la ma\u00f1ana del 20 de julio en el \u00e1rea de Chicago. Accidentes de veh\u00edculos motorizados.\",\"inLanguage\":\"es\",\"potentialAction\":[{\"@type\":\"ReadAction\",\"target\":[\"https:\\\/\\\/eliasik-law.com\\\/es\\\/el-mal-tiempo-provoca-un-accidente-que-deja-tres-heridos\\\/\"]}]},{\"@type\":\"ImageObject\",\"inLanguage\":\"es\",\"@id\":\"https:\\\/\\\/eliasik-law.com\\\/es\\\/el-mal-tiempo-provoca-un-accidente-que-deja-tres-heridos\\\/#primaryimage\",\"url\":\"https:\\\/\\\/eliasik-law.com\\\/wp-content\\\/uploads\\\/2017\\\/07\\\/weather-crash.jpg\",\"contentUrl\":\"https:\\\/\\\/eliasik-law.com\\\/wp-content\\\/uploads\\\/2017\\\/07\\\/weather-crash.jpg\",\"width\":1920,\"height\":1280,\"caption\":\"A bearded man drives a black vehicle through the rain, surrounded by greenery.\"},{\"@type\":\"WebSite\",\"@id\":\"https:\\\/\\\/eliasik-law.com\\\/es\\\/#website\",\"url\":\"https:\\\/\\\/eliasik-law.com\\\/es\\\/\",\"name\":\"Ley de Eliasik\",\"description\":\"Abogados de lesiones personales en Chicago\",\"publisher\":{\"@id\":\"https:\\\/\\\/eliasik-law.com\\\/es\\\/#organization\"},\"potentialAction\":[{\"@type\":\"SearchAction\",\"target\":{\"@type\":\"EntryPoint\",\"urlTemplate\":\"https:\\\/\\\/eliasik-law.com\\\/es\\\/?s={search_term_string}\"},\"query-input\":{\"@type\":\"PropertyValueSpecification\",\"valueRequired\":true,\"valueName\":\"search_term_string\"}}],\"inLanguage\":\"es\"},{\"@type\":\"Organization\",\"@id\":\"https:\\\/\\\/eliasik-law.com\\\/es\\\/#organization\",\"name\":\"Las Oficinas Legales de John S. Eliasik\",\"url\":\"https:\\\/\\\/eliasik-law.com\\\/es\\\/\",\"logo\":{\"@type\":\"ImageObject\",\"inLanguage\":\"es\",\"@id\":\"https:\\\/\\\/eliasik-law.com\\\/es\\\/#\\\/schema\\\/logo\\\/image\\\/\",\"url\":\"https:\\\/\\\/eliasik-law.com\\\/wp-content\\\/uploads\\\/2023\\\/07\\\/eliasik-law-logo-2-e1679440521344-min.gif\",\"contentUrl\":\"https:\\\/\\\/eliasik-law.com\\\/wp-content\\\/uploads\\\/2023\\\/07\\\/eliasik-law-logo-2-e1679440521344-min.gif\",\"width\":550,\"height\":102,\"caption\":\"Las Oficinas Legales de John S. Eliasik\"},\"image\":{\"@id\":\"https:\\\/\\\/eliasik-law.com\\\/es\\\/#\\\/schema\\\/logo\\\/image\\\/\"}},{\"@type\":\"Person\",\"@id\":\"https:\\\/\\\/eliasik-law.com\\\/es\\\/#\\\/schema\\\/person\\\/0e1f00c80fafb54acac392c2790f8d7b\",\"name\":\"SetMySite Development Team\",\"image\":{\"@type\":\"ImageObject\",\"inLanguage\":\"es\",\"@id\":\"https:\\\/\\\/secure.gravatar.com\\\/avatar\\\/d66977c79a2aae348f70434080d629fe64c25fbd9fe774d8c09f73781bc9a13b?s=96&d=mm&r=g\",\"url\":\"https:\\\/\\\/secure.gravatar.com\\\/avatar\\\/d66977c79a2aae348f70434080d629fe64c25fbd9fe774d8c09f73781bc9a13b?s=96&d=mm&r=g\",\"contentUrl\":\"https:\\\/\\\/secure.gravatar.com\\\/avatar\\\/d66977c79a2aae348f70434080d629fe64c25fbd9fe774d8c09f73781bc9a13b?s=96&d=mm&r=g\",\"caption\":\"SetMySite Development Team\"},\"url\":\"https:\\\/\\\/eliasik-law.com\\\/es\\\/author\\\/devteam\\\/\"}]}<\/script>\n<!-- \/ Yoast SEO plugin. -->","yoast_head_json":{"title":"El mal tiempo provoca un accidente que deja tres heridos | Bufete de abogados de John S. Eliasik","description":"El clima severo y las inundaciones provocaron un accidente que dej\u00f3 tres heridos la ma\u00f1ana del 20 de julio en el \u00e1rea de Chicago. Accidentes de veh\u00edculos motorizados.","robots":{"index":"index","follow":"follow","max-snippet":"max-snippet:-1","max-image-preview":"max-image-preview:large","max-video-preview":"max-video-preview:-1"},"canonical":"https:\/\/eliasik-law.com\/es\/el-mal-tiempo-provoca-un-accidente-que-deja-tres-heridos\/","og_locale":"es_ES","og_type":"article","og_title":"El mal tiempo provoca un accidente que deja tres heridos | Bufete de abogados de John S. Eliasik","og_description":"El clima severo y las inundaciones provocaron un accidente que dej\u00f3 tres heridos la ma\u00f1ana del 20 de julio en el \u00e1rea de Chicago. Accidentes de veh\u00edculos motorizados.","og_url":"https:\/\/eliasik-law.com\/es\/el-mal-tiempo-provoca-un-accidente-que-deja-tres-heridos\/","og_site_name":"Ley de Eliasik","article_published_time":"2017-07-21T18:50:27+00:00","article_modified_time":"2025-09-05T16:52:39+00:00","og_image":[{"width":1920,"height":1280,"url":"https:\/\/eliasik-law.com\/wp-content\/uploads\/2017\/07\/weather-crash.jpg","type":"image\/jpeg"}],"author":"SetMySite Development Team","twitter_misc":{"Escrito por":"SetMySite Development Team","Tiempo de lectura":"2 minutos"},"schema":{"@context":"https:\/\/schema.org","@graph":[{"@type":"Article","@id":"https:\/\/eliasik-law.com\/es\/el-mal-tiempo-provoca-un-accidente-que-deja-tres-heridos\/#article","isPartOf":{"@id":"https:\/\/eliasik-law.com\/es\/el-mal-tiempo-provoca-un-accidente-que-deja-tres-heridos\/"},"author":{"name":"SetMySite Development Team","@id":"https:\/\/eliasik-law.com\/es\/#\/schema\/person\/0e1f00c80fafb54acac392c2790f8d7b"},"headline":"El mal tiempo provoca un accidente que deja tres heridos","datePublished":"2017-07-21T18:50:27+00:00","dateModified":"2025-09-05T16:52:39+00:00","mainEntityOfPage":{"@id":"https:\/\/eliasik-law.com\/es\/el-mal-tiempo-provoca-un-accidente-que-deja-tres-heridos\/"},"wordCount":374,"publisher":{"@id":"https:\/\/eliasik-law.com\/es\/#organization"},"image":{"@id":"https:\/\/eliasik-law.com\/es\/el-mal-tiempo-provoca-un-accidente-que-deja-tres-heridos\/#primaryimage"},"thumbnailUrl":"https:\/\/eliasik-law.com\/wp-content\/uploads\/2017\/07\/weather-crash.jpg","keywords":["Accidentes de veh\u00edculos de motor"],"articleSection":["Accidentes de veh\u00edculos de motor"],"inLanguage":"es"},{"@type":"WebPage","@id":"https:\/\/eliasik-law.com\/es\/el-mal-tiempo-provoca-un-accidente-que-deja-tres-heridos\/","url":"https:\/\/eliasik-law.com\/es\/el-mal-tiempo-provoca-un-accidente-que-deja-tres-heridos\/","name":"El mal tiempo provoca un accidente que deja tres heridos | Bufete de abogados de John S. Eliasik","isPartOf":{"@id":"https:\/\/eliasik-law.com\/es\/#website"},"primaryImageOfPage":{"@id":"https:\/\/eliasik-law.com\/es\/el-mal-tiempo-provoca-un-accidente-que-deja-tres-heridos\/#primaryimage"},"image":{"@id":"https:\/\/eliasik-law.com\/es\/el-mal-tiempo-provoca-un-accidente-que-deja-tres-heridos\/#primaryimage"},"thumbnailUrl":"https:\/\/eliasik-law.com\/wp-content\/uploads\/2017\/07\/weather-crash.jpg","datePublished":"2017-07-21T18:50:27+00:00","dateModified":"2025-09-05T16:52:39+00:00","description":"El clima severo y las inundaciones provocaron un accidente que dej\u00f3 tres heridos la ma\u00f1ana del 20 de julio en el \u00e1rea de Chicago. Accidentes de veh\u00edculos motorizados.","inLanguage":"es","potentialAction":[{"@type":"ReadAction","target":["https:\/\/eliasik-law.com\/es\/el-mal-tiempo-provoca-un-accidente-que-deja-tres-heridos\/"]}]},{"@type":"ImageObject","inLanguage":"es","@id":"https:\/\/eliasik-law.com\/es\/el-mal-tiempo-provoca-un-accidente-que-deja-tres-heridos\/#primaryimage","url":"https:\/\/eliasik-law.com\/wp-content\/uploads\/2017\/07\/weather-crash.jpg","contentUrl":"https:\/\/eliasik-law.com\/wp-content\/uploads\/2017\/07\/weather-crash.jpg","width":1920,"height":1280,"caption":"A bearded man drives a black vehicle through the rain, surrounded by greenery."},{"@type":"WebSite","@id":"https:\/\/eliasik-law.com\/es\/#website","url":"https:\/\/eliasik-law.com\/es\/","name":"Ley de Eliasik","description":"Abogados de lesiones personales en Chicago","publisher":{"@id":"https:\/\/eliasik-law.com\/es\/#organization"},"potentialAction":[{"@type":"SearchAction","target":{"@type":"EntryPoint","urlTemplate":"https:\/\/eliasik-law.com\/es\/?s={search_term_string}"},"query-input":{"@type":"PropertyValueSpecification","valueRequired":true,"valueName":"search_term_string"}}],"inLanguage":"es"},{"@type":"Organization","@id":"https:\/\/eliasik-law.com\/es\/#organization","name":"Las Oficinas Legales de John S. Eliasik","url":"https:\/\/eliasik-law.com\/es\/","logo":{"@type":"ImageObject","inLanguage":"es","@id":"https:\/\/eliasik-law.com\/es\/#\/schema\/logo\/image\/","url":"https:\/\/eliasik-law.com\/wp-content\/uploads\/2023\/07\/eliasik-law-logo-2-e1679440521344-min.gif","contentUrl":"https:\/\/eliasik-law.com\/wp-content\/uploads\/2023\/07\/eliasik-law-logo-2-e1679440521344-min.gif","width":550,"height":102,"caption":"Las Oficinas Legales de John S. Eliasik"},"image":{"@id":"https:\/\/eliasik-law.com\/es\/#\/schema\/logo\/image\/"}},{"@type":"Person","@id":"https:\/\/eliasik-law.com\/es\/#\/schema\/person\/0e1f00c80fafb54acac392c2790f8d7b","name":"SetMySite Development Team","image":{"@type":"ImageObject","inLanguage":"es","@id":"https:\/\/secure.gravatar.com\/avatar\/d66977c79a2aae348f70434080d629fe64c25fbd9fe774d8c09f73781bc9a13b?s=96&d=mm&r=g","url":"https:\/\/secure.gravatar.com\/avatar\/d66977c79a2aae348f70434080d629fe64c25fbd9fe774d8c09f73781bc9a13b?s=96&d=mm&r=g","contentUrl":"https:\/\/secure.gravatar.com\/avatar\/d66977c79a2aae348f70434080d629fe64c25fbd9fe774d8c09f73781bc9a13b?s=96&d=mm&r=g","caption":"SetMySite Development Team"},"url":"https:\/\/eliasik-law.com\/es\/author\/devteam\/"}]}},"jetpack_featured_media_url":"https:\/\/eliasik-law.com\/wp-content\/uploads\/2017\/07\/weather-crash.jpg","_links":{"self":[{"href":"https:\/\/eliasik-law.com\/es\/wp-json\/wp\/v2\/posts\/5536","targetHints":{"allow":["GET"]}}],"collection":[{"href":"https:\/\/eliasik-law.com\/es\/wp-json\/wp\/v2\/posts"}],"about":[{"href":"https:\/\/eliasik-law.com\/es\/wp-json\/wp\/v2\/types\/post"}],"author":[{"embeddable":true,"href":"https:\/\/eliasik-law.com\/es\/wp-json\/wp\/v2\/users\/2"}],"replies":[{"embeddable":true,"href":"https:\/\/eliasik-law.com\/es\/wp-json\/wp\/v2\/comments?post=5536"}],"version-history":[{"count":1,"href":"https:\/\/eliasik-law.com\/es\/wp-json\/wp\/v2\/posts\/5536\/revisions"}],"predecessor-version":[{"id":5541,"href":"https:\/\/eliasik-law.com\/es\/wp-json\/wp\/v2\/posts\/5536\/revisions\/5541"}],"wp:featuredmedia":[{"embeddable":true,"href":"https:\/\/eliasik-law.com\/es\/wp-json\/wp\/v2\/media\/5087"}],"wp:attachment":[{"href":"https:\/\/eliasik-law.com\/es\/wp-json\/wp\/v2\/media?parent=5536"}],"wp:term":[{"taxonomy":"category","embeddable":true,"href":"https:\/\/eliasik-law.com\/es\/wp-json\/wp\/v2\/categories?post=5536"},{"taxonomy":"post_tag","embeddable":true,"href":"https:\/\/eliasik-law.com\/es\/wp-json\/wp\/v2\/tags?post=5536"}],"curies":[{"name":"wp","href":"https:\/\/api.w.org\/{rel}","templated":true}]}}