{"id":5542,"date":"2017-06-09T12:27:40","date_gmt":"2017-06-09T19:27:40","guid":{"rendered":"https:\/\/eliasik-law.com\/descripcion-general-de-lesiones-personales-en-complejos-de-apartamentos\/"},"modified":"2025-09-05T09:52:41","modified_gmt":"2025-09-05T16:52:41","slug":"descripcion-general-de-lesiones-personales-en-complejos-de-apartamentos","status":"publish","type":"post","link":"https:\/\/eliasik-law.com\/es\/descripcion-general-de-lesiones-personales-en-complejos-de-apartamentos\/","title":{"rendered":"Descripci\u00f3n general de lesiones personales en complejos de apartamentos"},"content":{"rendered":"\t\t<div data-elementor-type=\"wp-post\" data-elementor-id=\"5542\" class=\"elementor elementor-5542 elementor-3300\" data-elementor-post-type=\"post\">\n\t\t\t\t<div class=\"elementor-element elementor-element-b05a12a e-flex e-con-boxed e-con e-parent\" data-id=\"b05a12a\" data-element_type=\"container\" data-e-type=\"container\">\n\t\t\t\t\t<div class=\"e-con-inner\">\n\t\t<div class=\"elementor-element elementor-element-d9aa5b7 e-con-full e-flex e-con e-child\" data-id=\"d9aa5b7\" data-element_type=\"container\" data-e-type=\"container\">\n\t\t<div class=\"elementor-element elementor-element-d83e10b e-con-full e-flex e-con e-child\" data-id=\"d83e10b\" data-element_type=\"container\" data-e-type=\"container\">\n\t\t\t\t<div class=\"elementor-element elementor-element-3205882 elementor-widget elementor-widget-theme-post-title elementor-page-title elementor-widget-heading\" data-id=\"3205882\" data-element_type=\"widget\" data-e-type=\"widget\" data-widget_type=\"theme-post-title.default\">\n\t\t\t\t<div class=\"elementor-widget-container\">\n\t\t\t\t\t<h1 class=\"elementor-heading-title elementor-size-default\">Descripci\u00f3n general de lesiones personales en complejos de apartamentos<\/h1>\t\t\t\t<\/div>\n\t\t\t\t<\/div>\n\t\t\t\t<div class=\"elementor-element elementor-element-5b26303 elementor-widget elementor-widget-theme-post-featured-image elementor-widget-image\" data-id=\"5b26303\" data-element_type=\"widget\" data-e-type=\"widget\" data-widget_type=\"theme-post-featured-image.default\">\n\t\t\t\t<div class=\"elementor-widget-container\">\n\t\t\t\t\t\t\t\t\t\t\t\t\t\t\t<img fetchpriority=\"high\" decoding=\"async\" width=\"1920\" height=\"1280\" src=\"https:\/\/eliasik-law.com\/wp-content\/uploads\/2025\/02\/apartments.jpg\" class=\"attachment-full size-full wp-image-5070\" alt=\"Modern multi-story apartment buildings with balconies, surrounded by green lawns and trees, under a partly cloudy sky. A paved pathway runs along the foreground.\" srcset=\"https:\/\/eliasik-law.com\/wp-content\/uploads\/2025\/02\/apartments.jpg 1920w, https:\/\/eliasik-law.com\/wp-content\/uploads\/2025\/02\/apartments-300x200.jpg 300w, https:\/\/eliasik-law.com\/wp-content\/uploads\/2025\/02\/apartments-1024x683.jpg 1024w, https:\/\/eliasik-law.com\/wp-content\/uploads\/2025\/02\/apartments-768x512.jpg 768w, https:\/\/eliasik-law.com\/wp-content\/uploads\/2025\/02\/apartments-1536x1024.jpg 1536w\" sizes=\"(max-width: 1920px) 100vw, 1920px\" \/>\t\t\t\t\t\t\t\t\t\t\t\t\t\t\t<\/div>\n\t\t\t\t<\/div>\n\t\t\t\t<div class=\"elementor-element elementor-element-3986451 elementor-align-center elementor-widget elementor-widget-post-info\" data-id=\"3986451\" data-element_type=\"widget\" data-e-type=\"widget\" data-widget_type=\"post-info.default\">\n\t\t\t\t<div class=\"elementor-widget-container\">\n\t\t\t\t\t\t\t<ul class=\"elementor-inline-items elementor-icon-list-items elementor-post-info\">\n\t\t\t\t\t\t\t\t<li class=\"elementor-icon-list-item elementor-repeater-item-1044bf9 elementor-inline-item\" itemprop=\"datePublished\">\n\t\t\t\t\t\t<a href=\"https:\/\/eliasik-law.com\/es\/2017\/06\/09\/\">\n\t\t\t\t\t\t\t\t\t\t\t<span class=\"elementor-icon-list-icon\">\n\t\t\t\t\t\t\t\t<i aria-hidden=\"true\" class=\"fas fa-calendar\"><\/i>\t\t\t\t\t\t\t<\/span>\n\t\t\t\t\t\t\t\t\t<span class=\"elementor-icon-list-text elementor-post-info__item elementor-post-info__item--type-date\">\n\t\t\t\t\t\t\t\t\t\t<time>junio 9, 2017<\/time>\t\t\t\t\t<\/span>\n\t\t\t\t\t\t\t\t\t<\/a>\n\t\t\t\t<\/li>\n\t\t\t\t<\/ul>\n\t\t\t\t\t\t<\/div>\n\t\t\t\t<\/div>\n\t\t\t\t<\/div>\n\t\t\t\t<\/div>\n\t\t<div class=\"elementor-element elementor-element-381c8a9 e-con-full JE-postContent e-flex e-con e-child\" data-id=\"381c8a9\" data-element_type=\"container\" data-e-type=\"container\" data-settings=\"{&quot;background_background&quot;:&quot;classic&quot;}\">\n\t\t\t\t<div class=\"elementor-element elementor-element-a051382 elementor-widget elementor-widget-text-editor\" data-id=\"a051382\" data-element_type=\"widget\" data-e-type=\"widget\" data-widget_type=\"text-editor.default\">\n\t\t\t\t<div class=\"elementor-widget-container\">\n\t\t\t\t\t\t\t\t\tVivir en un complejo de apartamentos es muy diferente a ser propietario de una vivienda. Usted es un inquilino que no es responsable del mantenimiento de ciertas \u00e1reas del complejo. Estas \u00e1reas pueden incluir pasillos, ascensores, escaleras, patio, cuartos de basura, lavander\u00edas y m\u00e1s. El propietario del complejo es legalmente responsable de garantizar que no haya peligros conocidos que puedan perjudicar a los inquilinos.   \n\n\t\t\t\t\t\t\t\t<\/div>\n\t\t\t\t<\/div>\n\t\t\t\t<div class=\"elementor-element elementor-element-b3c8c34 elementor-widget elementor-widget-text-editor\" data-id=\"b3c8c34\" data-element_type=\"widget\" data-e-type=\"widget\" data-widget_type=\"text-editor.default\">\n\t\t\t\t<div class=\"elementor-widget-container\">\n\t\t\t\t\t\t\t\t\t<p>Los arrendadores tienen la obligaci\u00f3n de proporcionar a los inquilinos de un complejo de apartamentos zonas comunes debidamente mantenidas, advertirles sobre cualquier peligro oculto que deban conocer y garantizar viviendas seguras en los contratos de arrendamiento a corto plazo. La \u00fanica circunstancia en la que un arrendador puede ser considerado responsable de las lesiones de un inquilino o visitante es cuando su negligencia las haya causado. Adem\u00e1s, la negligencia debe ser la causa directa de la lesi\u00f3n sufrida.  <\/p>\t\t\t\t\t\t\t\t<\/div>\n\t\t\t\t<\/div>\n\t\t\t\t<div class=\"elementor-element elementor-element-823c821 elementor-widget elementor-widget-text-editor\" data-id=\"823c821\" data-element_type=\"widget\" data-e-type=\"widget\" data-widget_type=\"text-editor.default\">\n\t\t\t\t<div class=\"elementor-widget-container\">\n\t\t\t\t\t\t\t\t\tUn inquilino o visitante de un complejo de apartamentos que haya sufrido lesiones puede recuperar cualquiera de los siguientes da\u00f1os:\n\n\t\t\t\t\t\t\t\t<\/div>\n\t\t\t\t<\/div>\n\t\t\t\t<div class=\"elementor-element elementor-element-f41118b elementor-widget elementor-widget-text-editor\" data-id=\"f41118b\" data-element_type=\"widget\" data-e-type=\"widget\" data-widget_type=\"text-editor.default\">\n\t\t\t\t<div class=\"elementor-widget-container\">\n\t\t\t\t\t\t\t\t\t<ul><li dir=\"ltr\" aria-level=\"1\"><p>Salarios perdidos<\/p><\/li><li dir=\"ltr\" aria-level=\"1\"><p>facturas m\u00e9dicas<\/p><\/li><li dir=\"ltr\" aria-level=\"1\"><p>angustia emocional<\/p><\/li><li dir=\"ltr\" aria-level=\"1\"><p>Dolor y sufrimiento<\/p><\/li><li dir=\"ltr\" aria-level=\"1\"><p>Desfiguraci\u00f3n o discapacidad<\/p><\/li><li dir=\"ltr\" aria-level=\"1\"><p>Da\u00f1os a la propiedad personal: son art\u00edculos que han sufrido da\u00f1os debido a la negligencia del propietario.<\/p><\/li><\/ul>\t\t\t\t\t\t\t\t<\/div>\n\t\t\t\t<\/div>\n\t\t\t\t<div class=\"elementor-element elementor-element-a3132f7 elementor-widget elementor-widget-text-editor\" data-id=\"a3132f7\" data-element_type=\"widget\" data-e-type=\"widget\" data-widget_type=\"text-editor.default\">\n\t\t\t\t<div class=\"elementor-widget-container\">\n\t\t\t\t\t\t\t\t\tEn general, los arrendadores no son responsables de las lesiones que sufran los inquilinos o visitantes dentro de los apartamentos del complejo. Por lo general, solo son responsables de las lesiones sufridas en las \u00e1reas comunes del complejo. La \u00fanica excepci\u00f3n a esta regla ser\u00eda cuando la reparaci\u00f3n defectuosa del arrendador causara la lesi\u00f3n del inquilino.  \n\n\t\t\t\t\t\t\t\t<\/div>\n\t\t\t\t<\/div>\n\t\t\t\t<div class=\"elementor-element elementor-element-c282f84 elementor-widget elementor-widget-text-editor\" data-id=\"c282f84\" data-element_type=\"widget\" data-e-type=\"widget\" data-widget_type=\"text-editor.default\">\n\t\t\t\t<div class=\"elementor-widget-container\">\n\t\t\t\t\t\t\t\t\tComo inquilino, haga todo lo posible por evitar situaciones que puedan causarle lesiones en las \u00e1reas comunes. Si observa un peligro, inf\u00f3rmeselo al arrendador y documente lo que vio en caso de que no se solucione y le cause lesiones a usted o a otra persona. \n\n\t\t\t\t\t\t\t\t<\/div>\n\t\t\t\t<\/div>\n\t\t\t\t<div class=\"elementor-element elementor-element-4023d17 elementor-widget elementor-widget-text-editor\" data-id=\"4023d17\" data-element_type=\"widget\" data-e-type=\"widget\" data-widget_type=\"text-editor.default\">\n\t\t\t\t<div class=\"elementor-widget-container\">\n\t\t\t\t\t\t\t\t\t<div class=\"entry-content\"><p>Si usted o un ser querido ha resultado lesionado en un <a href=\"https:\/\/eliasik-law.com\/es\/responsabilidad-de-las-instalaciones\/\" target=\"_blank\" rel=\"noopener\">complejo de apartamentos<\/a> , comun\u00edquese con nuestra firma en Chicago para analizar su caso y c\u00f3mo puede recuperar los da\u00f1os por las lesiones sufridas.<\/p><\/div>\t\t\t\t\t\t\t\t<\/div>\n\t\t\t\t<\/div>\n\t\t\t\t<div class=\"elementor-element elementor-element-bd95904 elementor-widget elementor-widget-text-editor\" data-id=\"bd95904\" data-element_type=\"widget\" data-e-type=\"widget\" data-widget_type=\"text-editor.default\">\n\t\t\t\t<div class=\"elementor-widget-container\">\n\t\t\t\t\t\t\t\t\t<div class=\"blog-cat\"><div class=\"entry-meta\"><div class=\"blog-cat\"><div class=\"entry-meta\"><div class=\"blog-cat\"><div class=\"entry-meta\"><div class=\"blog-cat\"><div class=\"entry-meta\"><div class=\"blog-cat\"><div class=\"entry-meta\"><div class=\"blog-cat\"><div class=\"entry-meta\"><div class=\"blog-cat\"><div class=\"entry-meta\">Categor\u00edas: <span class=\"cat-links\"><a href=\"https:\/\/eliasik-law.com\/es\/category\/responsabilidad-de-las-instalaciones\/\" rel=\"category tag\">Responsabilidad de las instalaciones<\/a><\/span><\/div><\/div><\/div><\/div><\/div><\/div><\/div><\/div><\/div><\/div><\/div><\/div><\/div><\/div>\t\t\t\t\t\t\t\t<\/div>\n\t\t\t\t<\/div>\n\t\t\t\t<div class=\"elementor-element elementor-element-4f84809 elementor-widget elementor-widget-text-editor\" data-id=\"4f84809\" data-element_type=\"widget\" data-e-type=\"widget\" data-widget_type=\"text-editor.default\">\n\t\t\t\t<div class=\"elementor-widget-container\">\n\t\t\t\t\t\t\t\t\t  Compartir en:\n [a\u00f1adir a cualquier]\n\t\t\t\t\t\t\t\t<\/div>\n\t\t\t\t<\/div>\n\t\t\t\t<div class=\"elementor-element elementor-element-14f7495 elementor-widget elementor-widget-text-editor\" data-id=\"14f7495\" data-element_type=\"widget\" data-e-type=\"widget\" data-widget_type=\"text-editor.default\">\n\t\t\t\t<div class=\"elementor-widget-container\">\n\t\t\t\t\t\t\t\t\t<footer class=\"entry-meta\"><footer class=\"entry-meta\"><footer class=\"entry-meta\"><footer class=\"entry-meta\"><footer class=\"entry-meta\"><footer class=\"entry-meta\"><span class=\"tag-title\">Etiquetas:<\/span> <span class=\"tag-links\"><a href=\"https:\/\/eliasik-law.com\/es\/tag\/responsabilidad-de-las-instalaciones\/\" rel=\"tag\">Responsabilidad civil de las instalaciones<\/a><\/span><\/footer><\/footer><\/footer><\/footer><\/footer><\/footer>\t\t\t\t\t\t\t\t<\/div>\n\t\t\t\t<\/div>\n\t\t\t\t<\/div>\n\t\t\t\t\t<\/div>\n\t\t\t\t<\/div>\n\t\t\t\t<\/div>\n\t\t","protected":false},"excerpt":{"rendered":"<p>Vivir en un complejo de apartamentos es muy diferente a ser propietario de una vivienda. Usted es un inquilino que no es responsable del mantenimiento de ciertas \u00e1reas del complejo. Estas \u00e1reas pueden incluir pasillos, ascensores, escaleras, patio, cuartos de basura, lavander\u00edas y m\u00e1s. El propietario del complejo es legalmente responsable de garantizar que no [&hellip;]<\/p>\n","protected":false},"author":2,"featured_media":5070,"comment_status":"closed","ping_status":"open","sticky":false,"template":"elementor_header_footer","format":"standard","meta":{"footnotes":""},"categories":[71],"tags":[76],"class_list":["post-5542","post","type-post","status-publish","format-standard","has-post-thumbnail","hentry","category-responsabilidad-de-las-instalaciones","tag-responsabilidad-de-las-instalaciones"],"yoast_head":"<!-- This site is optimized with the Yoast SEO plugin v27.5 - https:\/\/yoast.com\/product\/yoast-seo-wordpress\/ -->\n<title>Resumen de lesiones personales en complejos de apartamentos | Bufete de abogados de John S. Eliasik<\/title>\n<meta name=\"description\" content=\"Vivir en un complejo de apartamentos es muy diferente a ser propietario de una vivienda. Usted es un inquilino que no es responsable de... Responsabilidad Civil de la Propiedad.\" \/>\n<meta name=\"robots\" content=\"index, follow, max-snippet:-1, max-image-preview:large, max-video-preview:-1\" \/>\n<link rel=\"canonical\" href=\"https:\/\/eliasik-law.com\/es\/descripcion-general-de-lesiones-personales-en-complejos-de-apartamentos\/\" \/>\n<meta property=\"og:locale\" content=\"es_ES\" \/>\n<meta property=\"og:type\" content=\"article\" \/>\n<meta property=\"og:title\" content=\"Resumen de lesiones personales en complejos de apartamentos | Bufete de abogados de John S. Eliasik\" \/>\n<meta property=\"og:description\" content=\"Vivir en un complejo de apartamentos es muy diferente a ser propietario de una vivienda. Usted es un inquilino que no es responsable de... Responsabilidad Civil de la Propiedad.\" \/>\n<meta property=\"og:url\" content=\"https:\/\/eliasik-law.com\/es\/descripcion-general-de-lesiones-personales-en-complejos-de-apartamentos\/\" \/>\n<meta property=\"og:site_name\" content=\"Ley de Eliasik\" \/>\n<meta property=\"article:published_time\" content=\"2017-06-09T19:27:40+00:00\" \/>\n<meta property=\"article:modified_time\" content=\"2025-09-05T16:52:41+00:00\" \/>\n<meta property=\"og:image\" content=\"https:\/\/eliasik-law.com\/wp-content\/uploads\/2025\/02\/apartments.jpg\" \/>\n\t<meta property=\"og:image:width\" content=\"1920\" \/>\n\t<meta property=\"og:image:height\" content=\"1280\" \/>\n\t<meta property=\"og:image:type\" content=\"image\/jpeg\" \/>\n<meta name=\"author\" content=\"SetMySite Development Team\" \/>\n<meta name=\"twitter:label1\" content=\"Escrito por\" \/>\n\t<meta name=\"twitter:data1\" content=\"SetMySite Development Team\" \/>\n\t<meta name=\"twitter:label2\" content=\"Tiempo de lectura\" \/>\n\t<meta name=\"twitter:data2\" content=\"2 minutos\" \/>\n<script type=\"application\/ld+json\" class=\"yoast-schema-graph\">{\"@context\":\"https:\\\/\\\/schema.org\",\"@graph\":[{\"@type\":\"Article\",\"@id\":\"https:\\\/\\\/eliasik-law.com\\\/es\\\/descripcion-general-de-lesiones-personales-en-complejos-de-apartamentos\\\/#article\",\"isPartOf\":{\"@id\":\"https:\\\/\\\/eliasik-law.com\\\/es\\\/descripcion-general-de-lesiones-personales-en-complejos-de-apartamentos\\\/\"},\"author\":{\"name\":\"SetMySite Development Team\",\"@id\":\"https:\\\/\\\/eliasik-law.com\\\/es\\\/#\\\/schema\\\/person\\\/0e1f00c80fafb54acac392c2790f8d7b\"},\"headline\":\"Descripci\u00f3n general de lesiones personales en complejos de apartamentos\",\"datePublished\":\"2017-06-09T19:27:40+00:00\",\"dateModified\":\"2025-09-05T16:52:41+00:00\",\"mainEntityOfPage\":{\"@id\":\"https:\\\/\\\/eliasik-law.com\\\/es\\\/descripcion-general-de-lesiones-personales-en-complejos-de-apartamentos\\\/\"},\"wordCount\":374,\"publisher\":{\"@id\":\"https:\\\/\\\/eliasik-law.com\\\/es\\\/#organization\"},\"image\":{\"@id\":\"https:\\\/\\\/eliasik-law.com\\\/es\\\/descripcion-general-de-lesiones-personales-en-complejos-de-apartamentos\\\/#primaryimage\"},\"thumbnailUrl\":\"https:\\\/\\\/eliasik-law.com\\\/wp-content\\\/uploads\\\/2025\\\/02\\\/apartments.jpg\",\"keywords\":[\"Responsabilidad de las instalaciones\"],\"articleSection\":[\"Responsabilidad de las instalaciones\"],\"inLanguage\":\"es\"},{\"@type\":\"WebPage\",\"@id\":\"https:\\\/\\\/eliasik-law.com\\\/es\\\/descripcion-general-de-lesiones-personales-en-complejos-de-apartamentos\\\/\",\"url\":\"https:\\\/\\\/eliasik-law.com\\\/es\\\/descripcion-general-de-lesiones-personales-en-complejos-de-apartamentos\\\/\",\"name\":\"Resumen de lesiones personales en complejos de apartamentos | Bufete de abogados de John S. Eliasik\",\"isPartOf\":{\"@id\":\"https:\\\/\\\/eliasik-law.com\\\/es\\\/#website\"},\"primaryImageOfPage\":{\"@id\":\"https:\\\/\\\/eliasik-law.com\\\/es\\\/descripcion-general-de-lesiones-personales-en-complejos-de-apartamentos\\\/#primaryimage\"},\"image\":{\"@id\":\"https:\\\/\\\/eliasik-law.com\\\/es\\\/descripcion-general-de-lesiones-personales-en-complejos-de-apartamentos\\\/#primaryimage\"},\"thumbnailUrl\":\"https:\\\/\\\/eliasik-law.com\\\/wp-content\\\/uploads\\\/2025\\\/02\\\/apartments.jpg\",\"datePublished\":\"2017-06-09T19:27:40+00:00\",\"dateModified\":\"2025-09-05T16:52:41+00:00\",\"description\":\"Vivir en un complejo de apartamentos es muy diferente a ser propietario de una vivienda. Usted es un inquilino que no es responsable de... Responsabilidad Civil de la Propiedad.\",\"inLanguage\":\"es\",\"potentialAction\":[{\"@type\":\"ReadAction\",\"target\":[\"https:\\\/\\\/eliasik-law.com\\\/es\\\/descripcion-general-de-lesiones-personales-en-complejos-de-apartamentos\\\/\"]}]},{\"@type\":\"ImageObject\",\"inLanguage\":\"es\",\"@id\":\"https:\\\/\\\/eliasik-law.com\\\/es\\\/descripcion-general-de-lesiones-personales-en-complejos-de-apartamentos\\\/#primaryimage\",\"url\":\"https:\\\/\\\/eliasik-law.com\\\/wp-content\\\/uploads\\\/2025\\\/02\\\/apartments.jpg\",\"contentUrl\":\"https:\\\/\\\/eliasik-law.com\\\/wp-content\\\/uploads\\\/2025\\\/02\\\/apartments.jpg\",\"width\":1920,\"height\":1280,\"caption\":\"Modern multi-story apartment buildings with balconies, surrounded by green lawns and trees, under a partly cloudy sky. A paved pathway runs along the foreground.\"},{\"@type\":\"WebSite\",\"@id\":\"https:\\\/\\\/eliasik-law.com\\\/es\\\/#website\",\"url\":\"https:\\\/\\\/eliasik-law.com\\\/es\\\/\",\"name\":\"Ley de Eliasik\",\"description\":\"Abogados de lesiones personales en Chicago\",\"publisher\":{\"@id\":\"https:\\\/\\\/eliasik-law.com\\\/es\\\/#organization\"},\"potentialAction\":[{\"@type\":\"SearchAction\",\"target\":{\"@type\":\"EntryPoint\",\"urlTemplate\":\"https:\\\/\\\/eliasik-law.com\\\/es\\\/?s={search_term_string}\"},\"query-input\":{\"@type\":\"PropertyValueSpecification\",\"valueRequired\":true,\"valueName\":\"search_term_string\"}}],\"inLanguage\":\"es\"},{\"@type\":\"Organization\",\"@id\":\"https:\\\/\\\/eliasik-law.com\\\/es\\\/#organization\",\"name\":\"Las Oficinas Legales de John S. Eliasik\",\"url\":\"https:\\\/\\\/eliasik-law.com\\\/es\\\/\",\"logo\":{\"@type\":\"ImageObject\",\"inLanguage\":\"es\",\"@id\":\"https:\\\/\\\/eliasik-law.com\\\/es\\\/#\\\/schema\\\/logo\\\/image\\\/\",\"url\":\"https:\\\/\\\/eliasik-law.com\\\/wp-content\\\/uploads\\\/2023\\\/07\\\/eliasik-law-logo-2-e1679440521344-min.gif\",\"contentUrl\":\"https:\\\/\\\/eliasik-law.com\\\/wp-content\\\/uploads\\\/2023\\\/07\\\/eliasik-law-logo-2-e1679440521344-min.gif\",\"width\":550,\"height\":102,\"caption\":\"Las Oficinas Legales de John S. Eliasik\"},\"image\":{\"@id\":\"https:\\\/\\\/eliasik-law.com\\\/es\\\/#\\\/schema\\\/logo\\\/image\\\/\"}},{\"@type\":\"Person\",\"@id\":\"https:\\\/\\\/eliasik-law.com\\\/es\\\/#\\\/schema\\\/person\\\/0e1f00c80fafb54acac392c2790f8d7b\",\"name\":\"SetMySite Development Team\",\"image\":{\"@type\":\"ImageObject\",\"inLanguage\":\"es\",\"@id\":\"https:\\\/\\\/secure.gravatar.com\\\/avatar\\\/d66977c79a2aae348f70434080d629fe64c25fbd9fe774d8c09f73781bc9a13b?s=96&d=mm&r=g\",\"url\":\"https:\\\/\\\/secure.gravatar.com\\\/avatar\\\/d66977c79a2aae348f70434080d629fe64c25fbd9fe774d8c09f73781bc9a13b?s=96&d=mm&r=g\",\"contentUrl\":\"https:\\\/\\\/secure.gravatar.com\\\/avatar\\\/d66977c79a2aae348f70434080d629fe64c25fbd9fe774d8c09f73781bc9a13b?s=96&d=mm&r=g\",\"caption\":\"SetMySite Development Team\"},\"url\":\"https:\\\/\\\/eliasik-law.com\\\/es\\\/author\\\/devteam\\\/\"}]}<\/script>\n<!-- \/ Yoast SEO plugin. -->","yoast_head_json":{"title":"Resumen de lesiones personales en complejos de apartamentos | Bufete de abogados de John S. Eliasik","description":"Vivir en un complejo de apartamentos es muy diferente a ser propietario de una vivienda. Usted es un inquilino que no es responsable de... Responsabilidad Civil de la Propiedad.","robots":{"index":"index","follow":"follow","max-snippet":"max-snippet:-1","max-image-preview":"max-image-preview:large","max-video-preview":"max-video-preview:-1"},"canonical":"https:\/\/eliasik-law.com\/es\/descripcion-general-de-lesiones-personales-en-complejos-de-apartamentos\/","og_locale":"es_ES","og_type":"article","og_title":"Resumen de lesiones personales en complejos de apartamentos | Bufete de abogados de John S. Eliasik","og_description":"Vivir en un complejo de apartamentos es muy diferente a ser propietario de una vivienda. Usted es un inquilino que no es responsable de... Responsabilidad Civil de la Propiedad.","og_url":"https:\/\/eliasik-law.com\/es\/descripcion-general-de-lesiones-personales-en-complejos-de-apartamentos\/","og_site_name":"Ley de Eliasik","article_published_time":"2017-06-09T19:27:40+00:00","article_modified_time":"2025-09-05T16:52:41+00:00","og_image":[{"width":1920,"height":1280,"url":"https:\/\/eliasik-law.com\/wp-content\/uploads\/2025\/02\/apartments.jpg","type":"image\/jpeg"}],"author":"SetMySite Development Team","twitter_misc":{"Escrito por":"SetMySite Development Team","Tiempo de lectura":"2 minutos"},"schema":{"@context":"https:\/\/schema.org","@graph":[{"@type":"Article","@id":"https:\/\/eliasik-law.com\/es\/descripcion-general-de-lesiones-personales-en-complejos-de-apartamentos\/#article","isPartOf":{"@id":"https:\/\/eliasik-law.com\/es\/descripcion-general-de-lesiones-personales-en-complejos-de-apartamentos\/"},"author":{"name":"SetMySite Development Team","@id":"https:\/\/eliasik-law.com\/es\/#\/schema\/person\/0e1f00c80fafb54acac392c2790f8d7b"},"headline":"Descripci\u00f3n general de lesiones personales en complejos de apartamentos","datePublished":"2017-06-09T19:27:40+00:00","dateModified":"2025-09-05T16:52:41+00:00","mainEntityOfPage":{"@id":"https:\/\/eliasik-law.com\/es\/descripcion-general-de-lesiones-personales-en-complejos-de-apartamentos\/"},"wordCount":374,"publisher":{"@id":"https:\/\/eliasik-law.com\/es\/#organization"},"image":{"@id":"https:\/\/eliasik-law.com\/es\/descripcion-general-de-lesiones-personales-en-complejos-de-apartamentos\/#primaryimage"},"thumbnailUrl":"https:\/\/eliasik-law.com\/wp-content\/uploads\/2025\/02\/apartments.jpg","keywords":["Responsabilidad de las instalaciones"],"articleSection":["Responsabilidad de las instalaciones"],"inLanguage":"es"},{"@type":"WebPage","@id":"https:\/\/eliasik-law.com\/es\/descripcion-general-de-lesiones-personales-en-complejos-de-apartamentos\/","url":"https:\/\/eliasik-law.com\/es\/descripcion-general-de-lesiones-personales-en-complejos-de-apartamentos\/","name":"Resumen de lesiones personales en complejos de apartamentos | Bufete de abogados de John S. Eliasik","isPartOf":{"@id":"https:\/\/eliasik-law.com\/es\/#website"},"primaryImageOfPage":{"@id":"https:\/\/eliasik-law.com\/es\/descripcion-general-de-lesiones-personales-en-complejos-de-apartamentos\/#primaryimage"},"image":{"@id":"https:\/\/eliasik-law.com\/es\/descripcion-general-de-lesiones-personales-en-complejos-de-apartamentos\/#primaryimage"},"thumbnailUrl":"https:\/\/eliasik-law.com\/wp-content\/uploads\/2025\/02\/apartments.jpg","datePublished":"2017-06-09T19:27:40+00:00","dateModified":"2025-09-05T16:52:41+00:00","description":"Vivir en un complejo de apartamentos es muy diferente a ser propietario de una vivienda. Usted es un inquilino que no es responsable de... Responsabilidad Civil de la Propiedad.","inLanguage":"es","potentialAction":[{"@type":"ReadAction","target":["https:\/\/eliasik-law.com\/es\/descripcion-general-de-lesiones-personales-en-complejos-de-apartamentos\/"]}]},{"@type":"ImageObject","inLanguage":"es","@id":"https:\/\/eliasik-law.com\/es\/descripcion-general-de-lesiones-personales-en-complejos-de-apartamentos\/#primaryimage","url":"https:\/\/eliasik-law.com\/wp-content\/uploads\/2025\/02\/apartments.jpg","contentUrl":"https:\/\/eliasik-law.com\/wp-content\/uploads\/2025\/02\/apartments.jpg","width":1920,"height":1280,"caption":"Modern multi-story apartment buildings with balconies, surrounded by green lawns and trees, under a partly cloudy sky. A paved pathway runs along the foreground."},{"@type":"WebSite","@id":"https:\/\/eliasik-law.com\/es\/#website","url":"https:\/\/eliasik-law.com\/es\/","name":"Ley de Eliasik","description":"Abogados de lesiones personales en Chicago","publisher":{"@id":"https:\/\/eliasik-law.com\/es\/#organization"},"potentialAction":[{"@type":"SearchAction","target":{"@type":"EntryPoint","urlTemplate":"https:\/\/eliasik-law.com\/es\/?s={search_term_string}"},"query-input":{"@type":"PropertyValueSpecification","valueRequired":true,"valueName":"search_term_string"}}],"inLanguage":"es"},{"@type":"Organization","@id":"https:\/\/eliasik-law.com\/es\/#organization","name":"Las Oficinas Legales de John S. Eliasik","url":"https:\/\/eliasik-law.com\/es\/","logo":{"@type":"ImageObject","inLanguage":"es","@id":"https:\/\/eliasik-law.com\/es\/#\/schema\/logo\/image\/","url":"https:\/\/eliasik-law.com\/wp-content\/uploads\/2023\/07\/eliasik-law-logo-2-e1679440521344-min.gif","contentUrl":"https:\/\/eliasik-law.com\/wp-content\/uploads\/2023\/07\/eliasik-law-logo-2-e1679440521344-min.gif","width":550,"height":102,"caption":"Las Oficinas Legales de John S. Eliasik"},"image":{"@id":"https:\/\/eliasik-law.com\/es\/#\/schema\/logo\/image\/"}},{"@type":"Person","@id":"https:\/\/eliasik-law.com\/es\/#\/schema\/person\/0e1f00c80fafb54acac392c2790f8d7b","name":"SetMySite Development Team","image":{"@type":"ImageObject","inLanguage":"es","@id":"https:\/\/secure.gravatar.com\/avatar\/d66977c79a2aae348f70434080d629fe64c25fbd9fe774d8c09f73781bc9a13b?s=96&d=mm&r=g","url":"https:\/\/secure.gravatar.com\/avatar\/d66977c79a2aae348f70434080d629fe64c25fbd9fe774d8c09f73781bc9a13b?s=96&d=mm&r=g","contentUrl":"https:\/\/secure.gravatar.com\/avatar\/d66977c79a2aae348f70434080d629fe64c25fbd9fe774d8c09f73781bc9a13b?s=96&d=mm&r=g","caption":"SetMySite Development Team"},"url":"https:\/\/eliasik-law.com\/es\/author\/devteam\/"}]}},"jetpack_featured_media_url":"https:\/\/eliasik-law.com\/wp-content\/uploads\/2025\/02\/apartments.jpg","_links":{"self":[{"href":"https:\/\/eliasik-law.com\/es\/wp-json\/wp\/v2\/posts\/5542","targetHints":{"allow":["GET"]}}],"collection":[{"href":"https:\/\/eliasik-law.com\/es\/wp-json\/wp\/v2\/posts"}],"about":[{"href":"https:\/\/eliasik-law.com\/es\/wp-json\/wp\/v2\/types\/post"}],"author":[{"embeddable":true,"href":"https:\/\/eliasik-law.com\/es\/wp-json\/wp\/v2\/users\/2"}],"replies":[{"embeddable":true,"href":"https:\/\/eliasik-law.com\/es\/wp-json\/wp\/v2\/comments?post=5542"}],"version-history":[{"count":1,"href":"https:\/\/eliasik-law.com\/es\/wp-json\/wp\/v2\/posts\/5542\/revisions"}],"predecessor-version":[{"id":5546,"href":"https:\/\/eliasik-law.com\/es\/wp-json\/wp\/v2\/posts\/5542\/revisions\/5546"}],"wp:featuredmedia":[{"embeddable":true,"href":"https:\/\/eliasik-law.com\/es\/wp-json\/wp\/v2\/media\/5070"}],"wp:attachment":[{"href":"https:\/\/eliasik-law.com\/es\/wp-json\/wp\/v2\/media?parent=5542"}],"wp:term":[{"taxonomy":"category","embeddable":true,"href":"https:\/\/eliasik-law.com\/es\/wp-json\/wp\/v2\/categories?post=5542"},{"taxonomy":"post_tag","embeddable":true,"href":"https:\/\/eliasik-law.com\/es\/wp-json\/wp\/v2\/tags?post=5542"}],"curies":[{"name":"wp","href":"https:\/\/api.w.org\/{rel}","templated":true}]}}