{"id":5544,"date":"2017-06-02T12:28:07","date_gmt":"2017-06-02T19:28:07","guid":{"rendered":"https:\/\/eliasik-law.com\/100-dias-de-peligro-digales-a-los-adolescentes-que-es-hora-de-tener-cuidado\/"},"modified":"2025-09-05T09:52:41","modified_gmt":"2025-09-05T16:52:41","slug":"100-dias-de-peligro-digales-a-los-adolescentes-que-es-hora-de-tener-cuidado","status":"publish","type":"post","link":"https:\/\/eliasik-law.com\/es\/100-dias-de-peligro-digales-a-los-adolescentes-que-es-hora-de-tener-cuidado\/","title":{"rendered":"100 d\u00edas de peligro: D\u00edgales a los adolescentes que es hora de tener cuidado"},"content":{"rendered":"\t\t<div data-elementor-type=\"wp-post\" data-elementor-id=\"5544\" class=\"elementor elementor-5544 elementor-3293\" data-elementor-post-type=\"post\">\n\t\t\t\t<div class=\"elementor-element elementor-element-b05a12a e-flex e-con-boxed e-con e-parent\" data-id=\"b05a12a\" data-element_type=\"container\" data-e-type=\"container\">\n\t\t\t\t\t<div class=\"e-con-inner\">\n\t\t<div class=\"elementor-element elementor-element-d9aa5b7 e-con-full e-flex e-con e-child\" data-id=\"d9aa5b7\" data-element_type=\"container\" data-e-type=\"container\">\n\t\t<div class=\"elementor-element elementor-element-d83e10b e-con-full e-flex e-con e-child\" data-id=\"d83e10b\" data-element_type=\"container\" data-e-type=\"container\">\n\t\t\t\t<div class=\"elementor-element elementor-element-3205882 elementor-widget elementor-widget-theme-post-title elementor-page-title elementor-widget-heading\" data-id=\"3205882\" data-element_type=\"widget\" data-e-type=\"widget\" data-widget_type=\"theme-post-title.default\">\n\t\t\t\t<div class=\"elementor-widget-container\">\n\t\t\t\t\t<h1 class=\"elementor-heading-title elementor-size-default\">100 d\u00edas de peligro: D\u00edgales a los adolescentes que es hora de tener cuidado<\/h1>\t\t\t\t<\/div>\n\t\t\t\t<\/div>\n\t\t\t\t<div class=\"elementor-element elementor-element-5b26303 elementor-widget elementor-widget-theme-post-featured-image elementor-widget-image\" data-id=\"5b26303\" data-element_type=\"widget\" data-e-type=\"widget\" data-widget_type=\"theme-post-featured-image.default\">\n\t\t\t\t<div class=\"elementor-widget-container\">\n\t\t\t\t\t\t\t\t\t\t\t\t\t\t\t<img fetchpriority=\"high\" decoding=\"async\" width=\"1920\" height=\"1280\" src=\"https:\/\/eliasik-law.com\/wp-content\/uploads\/2025\/02\/accident-days.jpg\" class=\"attachment-full size-full wp-image-5069\" alt=\"A woman kneels by a damaged car on the street, looking at her phone with concern. She&#039;s wearing a brown jacket and jeans.\" srcset=\"https:\/\/eliasik-law.com\/wp-content\/uploads\/2025\/02\/accident-days.jpg 1920w, https:\/\/eliasik-law.com\/wp-content\/uploads\/2025\/02\/accident-days-300x200.jpg 300w, https:\/\/eliasik-law.com\/wp-content\/uploads\/2025\/02\/accident-days-1024x683.jpg 1024w, https:\/\/eliasik-law.com\/wp-content\/uploads\/2025\/02\/accident-days-768x512.jpg 768w, https:\/\/eliasik-law.com\/wp-content\/uploads\/2025\/02\/accident-days-1536x1024.jpg 1536w\" sizes=\"(max-width: 1920px) 100vw, 1920px\" \/>\t\t\t\t\t\t\t\t\t\t\t\t\t\t\t<\/div>\n\t\t\t\t<\/div>\n\t\t\t\t<div class=\"elementor-element elementor-element-3986451 elementor-align-center elementor-widget elementor-widget-post-info\" data-id=\"3986451\" data-element_type=\"widget\" data-e-type=\"widget\" data-widget_type=\"post-info.default\">\n\t\t\t\t<div class=\"elementor-widget-container\">\n\t\t\t\t\t\t\t<ul class=\"elementor-inline-items elementor-icon-list-items elementor-post-info\">\n\t\t\t\t\t\t\t\t<li class=\"elementor-icon-list-item elementor-repeater-item-1044bf9 elementor-inline-item\" itemprop=\"datePublished\">\n\t\t\t\t\t\t<a href=\"https:\/\/eliasik-law.com\/es\/2017\/06\/02\/\">\n\t\t\t\t\t\t\t\t\t\t\t<span class=\"elementor-icon-list-icon\">\n\t\t\t\t\t\t\t\t<i aria-hidden=\"true\" class=\"fas fa-calendar\"><\/i>\t\t\t\t\t\t\t<\/span>\n\t\t\t\t\t\t\t\t\t<span class=\"elementor-icon-list-text elementor-post-info__item elementor-post-info__item--type-date\">\n\t\t\t\t\t\t\t\t\t\t<time>junio 2, 2017<\/time>\t\t\t\t\t<\/span>\n\t\t\t\t\t\t\t\t\t<\/a>\n\t\t\t\t<\/li>\n\t\t\t\t<\/ul>\n\t\t\t\t\t\t<\/div>\n\t\t\t\t<\/div>\n\t\t\t\t<\/div>\n\t\t\t\t<\/div>\n\t\t<div class=\"elementor-element elementor-element-381c8a9 e-con-full JE-postContent e-flex e-con e-child\" data-id=\"381c8a9\" data-element_type=\"container\" data-e-type=\"container\" data-settings=\"{&quot;background_background&quot;:&quot;classic&quot;}\">\n\t\t\t\t<div class=\"elementor-element elementor-element-a051382 elementor-widget elementor-widget-text-editor\" data-id=\"a051382\" data-element_type=\"widget\" data-e-type=\"widget\" data-widget_type=\"text-editor.default\">\n\t\t\t\t<div class=\"elementor-widget-container\">\n\t\t\t\t\t\t\t\t\tLos 100 d\u00edas de verano que comienzan el D\u00eda de los Ca\u00eddos y terminan el D\u00eda del Trabajo se denominan \u201clos d\u00edas m\u00e1s mortales\u201d entre los expertos en conducci\u00f3n adolescente.\n\t\t\t\t\t\t\t\t<\/div>\n\t\t\t\t<\/div>\n\t\t\t\t<div class=\"elementor-element elementor-element-b3c8c34 elementor-widget elementor-widget-text-editor\" data-id=\"b3c8c34\" data-element_type=\"widget\" data-e-type=\"widget\" data-widget_type=\"text-editor.default\">\n\t\t\t\t<div class=\"elementor-widget-container\">\n\t\t\t\t\t\t\t\t\tEsta \u00e9poca del a\u00f1o se ha ganado su apodo: los accidentes con adolescentes se incrementan un 15 % m\u00e1s que en cualquier otra \u00e9poca del a\u00f1o. Probablemente haya varias razones para este aumento: \t\t\t\t\t\t\t\t<\/div>\n\t\t\t\t<\/div>\n\t\t\t\t<div class=\"elementor-element elementor-element-f41118b elementor-widget elementor-widget-text-editor\" data-id=\"f41118b\" data-element_type=\"widget\" data-e-type=\"widget\" data-widget_type=\"text-editor.default\">\n\t\t\t\t<div class=\"elementor-widget-container\">\n\t\t\t\t\t\t\t\t\t<ul><li dir=\"ltr\" aria-level=\"1\"><p>Los adolescentes no asisten a la escuela durante el verano, por lo que tienen m\u00e1s tiempo libre para pasear en veh\u00edculos, lo que aumenta la cantidad de tiempo que pasan al volante en primer lugar.<\/p><\/li><li dir=\"ltr\" aria-level=\"1\"><p>Los adolescentes tambi\u00e9n tienden a viajar juntos (sobre todo si a\u00fan no todos tienen licencia), lo que podr\u00eda aumentar las distracciones que un conductor enfrenta por parte de sus pasajeros. Seis de cada diez accidentes automovil\u00edsticos que involucran a adolescentes est\u00e1n relacionados con la conducci\u00f3n distra\u00edda. <\/p><\/li><li dir=\"ltr\" aria-level=\"1\"><p>Los conductores adolescentes suelen tener menos experiencia. Muchos se acaban de graduar de la escuela de manejo, por lo que carecen de experiencia (aunque probablemente no de entusiasmo) en la carretera. <\/p><\/li><li dir=\"ltr\" aria-level=\"1\"><p>No usar el cintur\u00f3n de seguridad es un peligro conocido para los conductores adolescentes. Seg\u00fan datos de 2015, el 60 % de los adolescentes que fallecieron en accidentes de tr\u00e1fico mortales no lo llevaban puesto. <\/p><\/li><li dir=\"ltr\" aria-level=\"1\"><p>El exceso de velocidad es otro peligro entre los conductores j\u00f3venes y se encuentra entre los tres principales errores que cometen los adolescentes mientras est\u00e1n al volante.<\/p><\/li><\/ul>\t\t\t\t\t\t\t\t<\/div>\n\t\t\t\t<\/div>\n\t\t\t\t<div class=\"elementor-element elementor-element-a3132f7 elementor-widget elementor-widget-text-editor\" data-id=\"a3132f7\" data-element_type=\"widget\" data-e-type=\"widget\" data-widget_type=\"text-editor.default\">\n\t\t\t\t<div class=\"elementor-widget-container\">\n\t\t\t\t\t\t\t\t\tSe recomienda a los padres que supervisen el comportamiento de conducci\u00f3n de sus hijos adolescentes para asegurarse de que presten atenci\u00f3n a las cuestiones de seguridad mientras est\u00e1n al volante.\n\n\t\t\t\t\t\t\t\t<\/div>\n\t\t\t\t<\/div>\n\t\t\t\t<div class=\"elementor-element elementor-element-c282f84 elementor-widget elementor-widget-text-editor\" data-id=\"c282f84\" data-element_type=\"widget\" data-e-type=\"widget\" data-widget_type=\"text-editor.default\">\n\t\t\t\t<div class=\"elementor-widget-container\">\n\t\t\t\t\t\t\t\t\tPor ejemplo, los padres deber\u00edan hacer cumplir la pol\u00edtica de \u201cno tener tel\u00e9fonos celulares encendidos mientras el auto est\u00e1 en movimiento\u201d, en lugar de permitir un dispositivo de manos libres.\n\n\t\t\t\t\t\t\t\t<\/div>\n\t\t\t\t<\/div>\n\t\t\t\t<div class=\"elementor-element elementor-element-4023d17 elementor-widget elementor-widget-text-editor\" data-id=\"4023d17\" data-element_type=\"widget\" data-e-type=\"widget\" data-widget_type=\"text-editor.default\">\n\t\t\t\t<div class=\"elementor-widget-container\">\n\t\t\t\t\t\t\t\t\t<p><a href=\"https:\/\/eliasik-law.com\/es\/accidentes-automovilisticos\/\" target=\"_blank\" rel=\"noopener noreferrer\">Cualquier persona que resulte herida en un accidente automovil\u00edstico este verano<\/a> debido a la negligencia de otra persona debe buscar ayuda de un abogado lo antes posible.<\/p>\t\t\t\t\t\t\t\t<\/div>\n\t\t\t\t<\/div>\n\t\t\t\t<div class=\"elementor-element elementor-element-534c5ac elementor-widget elementor-widget-text-editor\" data-id=\"534c5ac\" data-element_type=\"widget\" data-e-type=\"widget\" data-widget_type=\"text-editor.default\">\n\t\t\t\t<div class=\"elementor-widget-container\">\n\t\t\t\t\t\t\t\t\t<div class=\"blog-cat\"><div class=\"entry-meta\"><div class=\"blog-cat\"><div class=\"entry-meta\"><div class=\"blog-cat\"><div class=\"entry-meta\"><div class=\"blog-cat\"><div class=\"entry-meta\"><div class=\"entry-content\"><div class=\"entry-content\"><p><b>Fuente:<\/b> KPHO, \u201cPadres, atenci\u00f3n: Los adolescentes entran en los 100 d\u00edas m\u00e1s mortales del verano\u201d, 1 de junio de 2017<\/p><\/div><\/div><\/div><\/div><\/div><\/div><\/div><\/div><\/div><\/div>\t\t\t\t\t\t\t\t<\/div>\n\t\t\t\t<\/div>\n\t\t\t\t<div class=\"elementor-element elementor-element-bd95904 elementor-widget elementor-widget-text-editor\" data-id=\"bd95904\" data-element_type=\"widget\" data-e-type=\"widget\" data-widget_type=\"text-editor.default\">\n\t\t\t\t<div class=\"elementor-widget-container\">\n\t\t\t\t\t\t\t\t\t<div class=\"blog-cat\"><div class=\"entry-meta\"><div class=\"blog-cat\"><div class=\"entry-meta\"><div class=\"blog-cat\"><div class=\"entry-meta\"><div class=\"blog-cat\"><div class=\"entry-meta\"><div class=\"blog-cat\"><div class=\"entry-meta\"><div class=\"blog-cat\"><div class=\"entry-meta\">Categor\u00edas: <span class=\"cat-links\"><a href=\"https:\/\/eliasik-law.com\/es\/category\/accidentes-de-vehiculos-de-motor\/\" rel=\"category tag\">Accidentes automovil\u00edsticos<\/a><\/span><\/div><\/div><\/div><\/div><\/div><\/div><\/div><\/div><\/div><\/div><\/div><\/div>\t\t\t\t\t\t\t\t<\/div>\n\t\t\t\t<\/div>\n\t\t\t\t<div class=\"elementor-element elementor-element-4f84809 elementor-widget elementor-widget-text-editor\" data-id=\"4f84809\" data-element_type=\"widget\" data-e-type=\"widget\" data-widget_type=\"text-editor.default\">\n\t\t\t\t<div class=\"elementor-widget-container\">\n\t\t\t\t\t\t\t\t\t  Compartir en:\n [a\u00f1adir a cualquier]\n\t\t\t\t\t\t\t\t<\/div>\n\t\t\t\t<\/div>\n\t\t\t\t<div class=\"elementor-element elementor-element-14f7495 elementor-widget elementor-widget-text-editor\" data-id=\"14f7495\" data-element_type=\"widget\" data-e-type=\"widget\" data-widget_type=\"text-editor.default\">\n\t\t\t\t<div class=\"elementor-widget-container\">\n\t\t\t\t\t\t\t\t\t<footer class=\"entry-meta\"><footer class=\"entry-meta\"><footer class=\"entry-meta\"><footer class=\"entry-meta\"><footer class=\"entry-meta\"><span class=\"tag-title\">Etiquetas:<\/span> <span class=\"tag-links\"><a href=\"https:\/\/eliasik-law.com\/es\/tag\/accidentes-de-vehiculos-de-motor\/\" rel=\"tag\">Accidentes automovil\u00edsticos<\/a><\/span><\/footer><\/footer><\/footer><\/footer><\/footer>\t\t\t\t\t\t\t\t<\/div>\n\t\t\t\t<\/div>\n\t\t\t\t<\/div>\n\t\t\t\t\t<\/div>\n\t\t\t\t<\/div>\n\t\t\t\t<\/div>\n\t\t","protected":false},"excerpt":{"rendered":"<p>Los 100 d\u00edas de verano que comienzan el D\u00eda de los Ca\u00eddos y terminan el D\u00eda del Trabajo se denominan \u201clos d\u00edas m\u00e1s mortales\u201d entre los expertos en conducci\u00f3n adolescente. Esta \u00e9poca del a\u00f1o se ha ganado su apodo: los accidentes con adolescentes se incrementan un 15 % m\u00e1s que en cualquier otra \u00e9poca del [&hellip;]<\/p>\n","protected":false},"author":2,"featured_media":5069,"comment_status":"closed","ping_status":"open","sticky":false,"template":"elementor_header_footer","format":"standard","meta":{"footnotes":""},"categories":[68],"tags":[73],"class_list":["post-5544","post","type-post","status-publish","format-standard","has-post-thumbnail","hentry","category-accidentes-de-vehiculos-de-motor","tag-accidentes-de-vehiculos-de-motor"],"yoast_head":"<!-- This site is optimized with the Yoast SEO plugin v27.4 - https:\/\/yoast.com\/product\/yoast-seo-wordpress\/ -->\n<title>100 d\u00edas de peligro: D\u00edgales a los adolescentes que es hora de tener cuidado | Bufete de abogados de John S. Eliasik<\/title>\n<meta name=\"description\" content=\"Los 100 d\u00edas de verano que comienzan el D\u00eda de los Ca\u00eddos y terminan el D\u00eda del Trabajo se denominan los &quot;D\u00edas m\u00e1s Mortales&quot; entre... Accidentes automovil\u00edsticos\" \/>\n<meta name=\"robots\" content=\"index, follow, max-snippet:-1, max-image-preview:large, max-video-preview:-1\" \/>\n<link rel=\"canonical\" href=\"https:\/\/eliasik-law.com\/es\/100-dias-de-peligro-digales-a-los-adolescentes-que-es-hora-de-tener-cuidado\/\" \/>\n<meta property=\"og:locale\" content=\"es_ES\" \/>\n<meta property=\"og:type\" content=\"article\" \/>\n<meta property=\"og:title\" content=\"100 d\u00edas de peligro: D\u00edgales a los adolescentes que es hora de tener cuidado | Bufete de abogados de John S. Eliasik\" \/>\n<meta property=\"og:description\" content=\"Los 100 d\u00edas de verano que comienzan el D\u00eda de los Ca\u00eddos y terminan el D\u00eda del Trabajo se denominan los &quot;D\u00edas m\u00e1s Mortales&quot; entre... Accidentes automovil\u00edsticos\" \/>\n<meta property=\"og:url\" content=\"https:\/\/eliasik-law.com\/es\/100-dias-de-peligro-digales-a-los-adolescentes-que-es-hora-de-tener-cuidado\/\" \/>\n<meta property=\"og:site_name\" content=\"Ley de Eliasik\" \/>\n<meta property=\"article:published_time\" content=\"2017-06-02T19:28:07+00:00\" \/>\n<meta property=\"article:modified_time\" content=\"2025-09-05T16:52:41+00:00\" \/>\n<meta property=\"og:image\" content=\"https:\/\/eliasik-law.com\/wp-content\/uploads\/2025\/02\/accident-days.jpg\" \/>\n\t<meta property=\"og:image:width\" content=\"1920\" \/>\n\t<meta property=\"og:image:height\" content=\"1280\" \/>\n\t<meta property=\"og:image:type\" content=\"image\/jpeg\" \/>\n<meta name=\"author\" content=\"SetMySite Development Team\" \/>\n<meta name=\"twitter:label1\" content=\"Escrito por\" \/>\n\t<meta name=\"twitter:data1\" content=\"SetMySite Development Team\" \/>\n\t<meta name=\"twitter:label2\" content=\"Tiempo de lectura\" \/>\n\t<meta name=\"twitter:data2\" content=\"2 minutos\" \/>\n<script type=\"application\/ld+json\" class=\"yoast-schema-graph\">{\"@context\":\"https:\\\/\\\/schema.org\",\"@graph\":[{\"@type\":\"Article\",\"@id\":\"https:\\\/\\\/eliasik-law.com\\\/es\\\/100-dias-de-peligro-digales-a-los-adolescentes-que-es-hora-de-tener-cuidado\\\/#article\",\"isPartOf\":{\"@id\":\"https:\\\/\\\/eliasik-law.com\\\/es\\\/100-dias-de-peligro-digales-a-los-adolescentes-que-es-hora-de-tener-cuidado\\\/\"},\"author\":{\"name\":\"SetMySite Development Team\",\"@id\":\"https:\\\/\\\/eliasik-law.com\\\/es\\\/#\\\/schema\\\/person\\\/0e1f00c80fafb54acac392c2790f8d7b\"},\"headline\":\"100 d\u00edas de peligro: D\u00edgales a los adolescentes que es hora de tener cuidado\",\"datePublished\":\"2017-06-02T19:28:07+00:00\",\"dateModified\":\"2025-09-05T16:52:41+00:00\",\"mainEntityOfPage\":{\"@id\":\"https:\\\/\\\/eliasik-law.com\\\/es\\\/100-dias-de-peligro-digales-a-los-adolescentes-que-es-hora-de-tener-cuidado\\\/\"},\"wordCount\":399,\"publisher\":{\"@id\":\"https:\\\/\\\/eliasik-law.com\\\/es\\\/#organization\"},\"image\":{\"@id\":\"https:\\\/\\\/eliasik-law.com\\\/es\\\/100-dias-de-peligro-digales-a-los-adolescentes-que-es-hora-de-tener-cuidado\\\/#primaryimage\"},\"thumbnailUrl\":\"https:\\\/\\\/eliasik-law.com\\\/wp-content\\\/uploads\\\/2025\\\/02\\\/accident-days.jpg\",\"keywords\":[\"Accidentes de veh\u00edculos de motor\"],\"articleSection\":[\"Accidentes de veh\u00edculos de motor\"],\"inLanguage\":\"es\"},{\"@type\":\"WebPage\",\"@id\":\"https:\\\/\\\/eliasik-law.com\\\/es\\\/100-dias-de-peligro-digales-a-los-adolescentes-que-es-hora-de-tener-cuidado\\\/\",\"url\":\"https:\\\/\\\/eliasik-law.com\\\/es\\\/100-dias-de-peligro-digales-a-los-adolescentes-que-es-hora-de-tener-cuidado\\\/\",\"name\":\"100 d\u00edas de peligro: D\u00edgales a los adolescentes que es hora de tener cuidado | Bufete de abogados de John S. Eliasik\",\"isPartOf\":{\"@id\":\"https:\\\/\\\/eliasik-law.com\\\/es\\\/#website\"},\"primaryImageOfPage\":{\"@id\":\"https:\\\/\\\/eliasik-law.com\\\/es\\\/100-dias-de-peligro-digales-a-los-adolescentes-que-es-hora-de-tener-cuidado\\\/#primaryimage\"},\"image\":{\"@id\":\"https:\\\/\\\/eliasik-law.com\\\/es\\\/100-dias-de-peligro-digales-a-los-adolescentes-que-es-hora-de-tener-cuidado\\\/#primaryimage\"},\"thumbnailUrl\":\"https:\\\/\\\/eliasik-law.com\\\/wp-content\\\/uploads\\\/2025\\\/02\\\/accident-days.jpg\",\"datePublished\":\"2017-06-02T19:28:07+00:00\",\"dateModified\":\"2025-09-05T16:52:41+00:00\",\"description\":\"Los 100 d\u00edas de verano que comienzan el D\u00eda de los Ca\u00eddos y terminan el D\u00eda del Trabajo se denominan los \\\"D\u00edas m\u00e1s Mortales\\\" entre... Accidentes automovil\u00edsticos\",\"inLanguage\":\"es\",\"potentialAction\":[{\"@type\":\"ReadAction\",\"target\":[\"https:\\\/\\\/eliasik-law.com\\\/es\\\/100-dias-de-peligro-digales-a-los-adolescentes-que-es-hora-de-tener-cuidado\\\/\"]}]},{\"@type\":\"ImageObject\",\"inLanguage\":\"es\",\"@id\":\"https:\\\/\\\/eliasik-law.com\\\/es\\\/100-dias-de-peligro-digales-a-los-adolescentes-que-es-hora-de-tener-cuidado\\\/#primaryimage\",\"url\":\"https:\\\/\\\/eliasik-law.com\\\/wp-content\\\/uploads\\\/2025\\\/02\\\/accident-days.jpg\",\"contentUrl\":\"https:\\\/\\\/eliasik-law.com\\\/wp-content\\\/uploads\\\/2025\\\/02\\\/accident-days.jpg\",\"width\":1920,\"height\":1280,\"caption\":\"A woman kneels by a damaged car on the street, looking at her phone with concern. She's wearing a brown jacket and jeans.\"},{\"@type\":\"WebSite\",\"@id\":\"https:\\\/\\\/eliasik-law.com\\\/es\\\/#website\",\"url\":\"https:\\\/\\\/eliasik-law.com\\\/es\\\/\",\"name\":\"Ley de Eliasik\",\"description\":\"Abogados de lesiones personales en Chicago\",\"publisher\":{\"@id\":\"https:\\\/\\\/eliasik-law.com\\\/es\\\/#organization\"},\"potentialAction\":[{\"@type\":\"SearchAction\",\"target\":{\"@type\":\"EntryPoint\",\"urlTemplate\":\"https:\\\/\\\/eliasik-law.com\\\/es\\\/?s={search_term_string}\"},\"query-input\":{\"@type\":\"PropertyValueSpecification\",\"valueRequired\":true,\"valueName\":\"search_term_string\"}}],\"inLanguage\":\"es\"},{\"@type\":\"Organization\",\"@id\":\"https:\\\/\\\/eliasik-law.com\\\/es\\\/#organization\",\"name\":\"Las Oficinas Legales de John S. Eliasik\",\"url\":\"https:\\\/\\\/eliasik-law.com\\\/es\\\/\",\"logo\":{\"@type\":\"ImageObject\",\"inLanguage\":\"es\",\"@id\":\"https:\\\/\\\/eliasik-law.com\\\/es\\\/#\\\/schema\\\/logo\\\/image\\\/\",\"url\":\"https:\\\/\\\/eliasik-law.com\\\/wp-content\\\/uploads\\\/2023\\\/07\\\/eliasik-law-logo-2-e1679440521344-min.gif\",\"contentUrl\":\"https:\\\/\\\/eliasik-law.com\\\/wp-content\\\/uploads\\\/2023\\\/07\\\/eliasik-law-logo-2-e1679440521344-min.gif\",\"width\":550,\"height\":102,\"caption\":\"Las Oficinas Legales de John S. Eliasik\"},\"image\":{\"@id\":\"https:\\\/\\\/eliasik-law.com\\\/es\\\/#\\\/schema\\\/logo\\\/image\\\/\"}},{\"@type\":\"Person\",\"@id\":\"https:\\\/\\\/eliasik-law.com\\\/es\\\/#\\\/schema\\\/person\\\/0e1f00c80fafb54acac392c2790f8d7b\",\"name\":\"SetMySite Development Team\",\"image\":{\"@type\":\"ImageObject\",\"inLanguage\":\"es\",\"@id\":\"https:\\\/\\\/secure.gravatar.com\\\/avatar\\\/d66977c79a2aae348f70434080d629fe64c25fbd9fe774d8c09f73781bc9a13b?s=96&d=mm&r=g\",\"url\":\"https:\\\/\\\/secure.gravatar.com\\\/avatar\\\/d66977c79a2aae348f70434080d629fe64c25fbd9fe774d8c09f73781bc9a13b?s=96&d=mm&r=g\",\"contentUrl\":\"https:\\\/\\\/secure.gravatar.com\\\/avatar\\\/d66977c79a2aae348f70434080d629fe64c25fbd9fe774d8c09f73781bc9a13b?s=96&d=mm&r=g\",\"caption\":\"SetMySite Development Team\"},\"url\":\"https:\\\/\\\/eliasik-law.com\\\/es\\\/author\\\/devteam\\\/\"}]}<\/script>\n<!-- \/ Yoast SEO plugin. -->","yoast_head_json":{"title":"100 d\u00edas de peligro: D\u00edgales a los adolescentes que es hora de tener cuidado | Bufete de abogados de John S. Eliasik","description":"Los 100 d\u00edas de verano que comienzan el D\u00eda de los Ca\u00eddos y terminan el D\u00eda del Trabajo se denominan los \"D\u00edas m\u00e1s Mortales\" entre... Accidentes automovil\u00edsticos","robots":{"index":"index","follow":"follow","max-snippet":"max-snippet:-1","max-image-preview":"max-image-preview:large","max-video-preview":"max-video-preview:-1"},"canonical":"https:\/\/eliasik-law.com\/es\/100-dias-de-peligro-digales-a-los-adolescentes-que-es-hora-de-tener-cuidado\/","og_locale":"es_ES","og_type":"article","og_title":"100 d\u00edas de peligro: D\u00edgales a los adolescentes que es hora de tener cuidado | Bufete de abogados de John S. Eliasik","og_description":"Los 100 d\u00edas de verano que comienzan el D\u00eda de los Ca\u00eddos y terminan el D\u00eda del Trabajo se denominan los \"D\u00edas m\u00e1s Mortales\" entre... Accidentes automovil\u00edsticos","og_url":"https:\/\/eliasik-law.com\/es\/100-dias-de-peligro-digales-a-los-adolescentes-que-es-hora-de-tener-cuidado\/","og_site_name":"Ley de Eliasik","article_published_time":"2017-06-02T19:28:07+00:00","article_modified_time":"2025-09-05T16:52:41+00:00","og_image":[{"width":1920,"height":1280,"url":"https:\/\/eliasik-law.com\/wp-content\/uploads\/2025\/02\/accident-days.jpg","type":"image\/jpeg"}],"author":"SetMySite Development Team","twitter_misc":{"Escrito por":"SetMySite Development Team","Tiempo de lectura":"2 minutos"},"schema":{"@context":"https:\/\/schema.org","@graph":[{"@type":"Article","@id":"https:\/\/eliasik-law.com\/es\/100-dias-de-peligro-digales-a-los-adolescentes-que-es-hora-de-tener-cuidado\/#article","isPartOf":{"@id":"https:\/\/eliasik-law.com\/es\/100-dias-de-peligro-digales-a-los-adolescentes-que-es-hora-de-tener-cuidado\/"},"author":{"name":"SetMySite Development Team","@id":"https:\/\/eliasik-law.com\/es\/#\/schema\/person\/0e1f00c80fafb54acac392c2790f8d7b"},"headline":"100 d\u00edas de peligro: D\u00edgales a los adolescentes que es hora de tener cuidado","datePublished":"2017-06-02T19:28:07+00:00","dateModified":"2025-09-05T16:52:41+00:00","mainEntityOfPage":{"@id":"https:\/\/eliasik-law.com\/es\/100-dias-de-peligro-digales-a-los-adolescentes-que-es-hora-de-tener-cuidado\/"},"wordCount":399,"publisher":{"@id":"https:\/\/eliasik-law.com\/es\/#organization"},"image":{"@id":"https:\/\/eliasik-law.com\/es\/100-dias-de-peligro-digales-a-los-adolescentes-que-es-hora-de-tener-cuidado\/#primaryimage"},"thumbnailUrl":"https:\/\/eliasik-law.com\/wp-content\/uploads\/2025\/02\/accident-days.jpg","keywords":["Accidentes de veh\u00edculos de motor"],"articleSection":["Accidentes de veh\u00edculos de motor"],"inLanguage":"es"},{"@type":"WebPage","@id":"https:\/\/eliasik-law.com\/es\/100-dias-de-peligro-digales-a-los-adolescentes-que-es-hora-de-tener-cuidado\/","url":"https:\/\/eliasik-law.com\/es\/100-dias-de-peligro-digales-a-los-adolescentes-que-es-hora-de-tener-cuidado\/","name":"100 d\u00edas de peligro: D\u00edgales a los adolescentes que es hora de tener cuidado | Bufete de abogados de John S. Eliasik","isPartOf":{"@id":"https:\/\/eliasik-law.com\/es\/#website"},"primaryImageOfPage":{"@id":"https:\/\/eliasik-law.com\/es\/100-dias-de-peligro-digales-a-los-adolescentes-que-es-hora-de-tener-cuidado\/#primaryimage"},"image":{"@id":"https:\/\/eliasik-law.com\/es\/100-dias-de-peligro-digales-a-los-adolescentes-que-es-hora-de-tener-cuidado\/#primaryimage"},"thumbnailUrl":"https:\/\/eliasik-law.com\/wp-content\/uploads\/2025\/02\/accident-days.jpg","datePublished":"2017-06-02T19:28:07+00:00","dateModified":"2025-09-05T16:52:41+00:00","description":"Los 100 d\u00edas de verano que comienzan el D\u00eda de los Ca\u00eddos y terminan el D\u00eda del Trabajo se denominan los \"D\u00edas m\u00e1s Mortales\" entre... Accidentes automovil\u00edsticos","inLanguage":"es","potentialAction":[{"@type":"ReadAction","target":["https:\/\/eliasik-law.com\/es\/100-dias-de-peligro-digales-a-los-adolescentes-que-es-hora-de-tener-cuidado\/"]}]},{"@type":"ImageObject","inLanguage":"es","@id":"https:\/\/eliasik-law.com\/es\/100-dias-de-peligro-digales-a-los-adolescentes-que-es-hora-de-tener-cuidado\/#primaryimage","url":"https:\/\/eliasik-law.com\/wp-content\/uploads\/2025\/02\/accident-days.jpg","contentUrl":"https:\/\/eliasik-law.com\/wp-content\/uploads\/2025\/02\/accident-days.jpg","width":1920,"height":1280,"caption":"A woman kneels by a damaged car on the street, looking at her phone with concern. She's wearing a brown jacket and jeans."},{"@type":"WebSite","@id":"https:\/\/eliasik-law.com\/es\/#website","url":"https:\/\/eliasik-law.com\/es\/","name":"Ley de Eliasik","description":"Abogados de lesiones personales en Chicago","publisher":{"@id":"https:\/\/eliasik-law.com\/es\/#organization"},"potentialAction":[{"@type":"SearchAction","target":{"@type":"EntryPoint","urlTemplate":"https:\/\/eliasik-law.com\/es\/?s={search_term_string}"},"query-input":{"@type":"PropertyValueSpecification","valueRequired":true,"valueName":"search_term_string"}}],"inLanguage":"es"},{"@type":"Organization","@id":"https:\/\/eliasik-law.com\/es\/#organization","name":"Las Oficinas Legales de John S. Eliasik","url":"https:\/\/eliasik-law.com\/es\/","logo":{"@type":"ImageObject","inLanguage":"es","@id":"https:\/\/eliasik-law.com\/es\/#\/schema\/logo\/image\/","url":"https:\/\/eliasik-law.com\/wp-content\/uploads\/2023\/07\/eliasik-law-logo-2-e1679440521344-min.gif","contentUrl":"https:\/\/eliasik-law.com\/wp-content\/uploads\/2023\/07\/eliasik-law-logo-2-e1679440521344-min.gif","width":550,"height":102,"caption":"Las Oficinas Legales de John S. Eliasik"},"image":{"@id":"https:\/\/eliasik-law.com\/es\/#\/schema\/logo\/image\/"}},{"@type":"Person","@id":"https:\/\/eliasik-law.com\/es\/#\/schema\/person\/0e1f00c80fafb54acac392c2790f8d7b","name":"SetMySite Development Team","image":{"@type":"ImageObject","inLanguage":"es","@id":"https:\/\/secure.gravatar.com\/avatar\/d66977c79a2aae348f70434080d629fe64c25fbd9fe774d8c09f73781bc9a13b?s=96&d=mm&r=g","url":"https:\/\/secure.gravatar.com\/avatar\/d66977c79a2aae348f70434080d629fe64c25fbd9fe774d8c09f73781bc9a13b?s=96&d=mm&r=g","contentUrl":"https:\/\/secure.gravatar.com\/avatar\/d66977c79a2aae348f70434080d629fe64c25fbd9fe774d8c09f73781bc9a13b?s=96&d=mm&r=g","caption":"SetMySite Development Team"},"url":"https:\/\/eliasik-law.com\/es\/author\/devteam\/"}]}},"jetpack_featured_media_url":"https:\/\/eliasik-law.com\/wp-content\/uploads\/2025\/02\/accident-days.jpg","_links":{"self":[{"href":"https:\/\/eliasik-law.com\/es\/wp-json\/wp\/v2\/posts\/5544","targetHints":{"allow":["GET"]}}],"collection":[{"href":"https:\/\/eliasik-law.com\/es\/wp-json\/wp\/v2\/posts"}],"about":[{"href":"https:\/\/eliasik-law.com\/es\/wp-json\/wp\/v2\/types\/post"}],"author":[{"embeddable":true,"href":"https:\/\/eliasik-law.com\/es\/wp-json\/wp\/v2\/users\/2"}],"replies":[{"embeddable":true,"href":"https:\/\/eliasik-law.com\/es\/wp-json\/wp\/v2\/comments?post=5544"}],"version-history":[{"count":1,"href":"https:\/\/eliasik-law.com\/es\/wp-json\/wp\/v2\/posts\/5544\/revisions"}],"predecessor-version":[{"id":5548,"href":"https:\/\/eliasik-law.com\/es\/wp-json\/wp\/v2\/posts\/5544\/revisions\/5548"}],"wp:featuredmedia":[{"embeddable":true,"href":"https:\/\/eliasik-law.com\/es\/wp-json\/wp\/v2\/media\/5069"}],"wp:attachment":[{"href":"https:\/\/eliasik-law.com\/es\/wp-json\/wp\/v2\/media?parent=5544"}],"wp:term":[{"taxonomy":"category","embeddable":true,"href":"https:\/\/eliasik-law.com\/es\/wp-json\/wp\/v2\/categories?post=5544"},{"taxonomy":"post_tag","embeddable":true,"href":"https:\/\/eliasik-law.com\/es\/wp-json\/wp\/v2\/tags?post=5544"}],"curies":[{"name":"wp","href":"https:\/\/api.w.org\/{rel}","templated":true}]}}