{"id":5559,"date":"2017-03-24T13:41:14","date_gmt":"2017-03-24T20:41:14","guid":{"rendered":"https:\/\/eliasik-law.com\/el-conductor-en-el-accidente-fatal-tenia-antecedentes-de-conduccion-negligente\/"},"modified":"2025-09-05T09:52:48","modified_gmt":"2025-09-05T16:52:48","slug":"el-conductor-en-el-accidente-fatal-tenia-antecedentes-de-conduccion-negligente","status":"publish","type":"post","link":"https:\/\/eliasik-law.com\/es\/el-conductor-en-el-accidente-fatal-tenia-antecedentes-de-conduccion-negligente\/","title":{"rendered":"El conductor en el accidente fatal ten\u00eda antecedentes de conducci\u00f3n negligente."},"content":{"rendered":"\t\t<div data-elementor-type=\"wp-post\" data-elementor-id=\"5559\" class=\"elementor elementor-5559 elementor-3183\" data-elementor-post-type=\"post\">\n\t\t\t\t<div class=\"elementor-element elementor-element-b05a12a e-flex e-con-boxed e-con e-parent\" data-id=\"b05a12a\" data-element_type=\"container\" data-e-type=\"container\">\n\t\t\t\t\t<div class=\"e-con-inner\">\n\t\t<div class=\"elementor-element elementor-element-d9aa5b7 e-con-full e-flex e-con e-child\" data-id=\"d9aa5b7\" data-element_type=\"container\" data-e-type=\"container\">\n\t\t<div class=\"elementor-element elementor-element-d83e10b e-con-full e-flex e-con e-child\" data-id=\"d83e10b\" data-element_type=\"container\" data-e-type=\"container\">\n\t\t\t\t<div class=\"elementor-element elementor-element-3205882 elementor-widget elementor-widget-theme-post-title elementor-page-title elementor-widget-heading\" data-id=\"3205882\" data-element_type=\"widget\" data-e-type=\"widget\" data-widget_type=\"theme-post-title.default\">\n\t\t\t\t<div class=\"elementor-widget-container\">\n\t\t\t\t\t<h1 class=\"elementor-heading-title elementor-size-default\">El conductor en el accidente fatal ten\u00eda antecedentes de conducci\u00f3n negligente.<\/h1>\t\t\t\t<\/div>\n\t\t\t\t<\/div>\n\t\t\t\t<div class=\"elementor-element elementor-element-5b26303 elementor-widget elementor-widget-theme-post-featured-image elementor-widget-image\" data-id=\"5b26303\" data-element_type=\"widget\" data-e-type=\"widget\" data-widget_type=\"theme-post-featured-image.default\">\n\t\t\t\t<div class=\"elementor-widget-container\">\n\t\t\t\t\t\t\t\t\t\t\t\t\t\t\t<img fetchpriority=\"high\" decoding=\"async\" width=\"1920\" height=\"1234\" src=\"https:\/\/eliasik-law.com\/wp-content\/uploads\/2025\/02\/driver-negligence-accident.jpg\" class=\"attachment-full size-full wp-image-5053\" alt=\"Two cars are involved in a rear-end collision on a street, surrounded by green leafy trees. A person in a blue shirt stands nearby.\" srcset=\"https:\/\/eliasik-law.com\/wp-content\/uploads\/2025\/02\/driver-negligence-accident.jpg 1920w, https:\/\/eliasik-law.com\/wp-content\/uploads\/2025\/02\/driver-negligence-accident-300x193.jpg 300w, https:\/\/eliasik-law.com\/wp-content\/uploads\/2025\/02\/driver-negligence-accident-1024x658.jpg 1024w, https:\/\/eliasik-law.com\/wp-content\/uploads\/2025\/02\/driver-negligence-accident-768x494.jpg 768w, https:\/\/eliasik-law.com\/wp-content\/uploads\/2025\/02\/driver-negligence-accident-1536x987.jpg 1536w\" sizes=\"(max-width: 1920px) 100vw, 1920px\" \/>\t\t\t\t\t\t\t\t\t\t\t\t\t\t\t<\/div>\n\t\t\t\t<\/div>\n\t\t\t\t<div class=\"elementor-element elementor-element-3986451 elementor-align-center elementor-widget elementor-widget-post-info\" data-id=\"3986451\" data-element_type=\"widget\" data-e-type=\"widget\" data-widget_type=\"post-info.default\">\n\t\t\t\t<div class=\"elementor-widget-container\">\n\t\t\t\t\t\t\t<ul class=\"elementor-inline-items elementor-icon-list-items elementor-post-info\">\n\t\t\t\t\t\t\t\t<li class=\"elementor-icon-list-item elementor-repeater-item-1044bf9 elementor-inline-item\" itemprop=\"datePublished\">\n\t\t\t\t\t\t<a href=\"https:\/\/eliasik-law.com\/es\/2017\/03\/24\/\">\n\t\t\t\t\t\t\t\t\t\t\t<span class=\"elementor-icon-list-icon\">\n\t\t\t\t\t\t\t\t<i aria-hidden=\"true\" class=\"fas fa-calendar\"><\/i>\t\t\t\t\t\t\t<\/span>\n\t\t\t\t\t\t\t\t\t<span class=\"elementor-icon-list-text elementor-post-info__item elementor-post-info__item--type-date\">\n\t\t\t\t\t\t\t\t\t\t<time>marzo 24, 2017<\/time>\t\t\t\t\t<\/span>\n\t\t\t\t\t\t\t\t\t<\/a>\n\t\t\t\t<\/li>\n\t\t\t\t<\/ul>\n\t\t\t\t\t\t<\/div>\n\t\t\t\t<\/div>\n\t\t\t\t<\/div>\n\t\t\t\t<\/div>\n\t\t<div class=\"elementor-element elementor-element-381c8a9 e-con-full JE-postContent e-flex e-con e-child\" data-id=\"381c8a9\" data-element_type=\"container\" data-e-type=\"container\" data-settings=\"{&quot;background_background&quot;:&quot;classic&quot;}\">\n\t\t\t\t<div class=\"elementor-element elementor-element-a051382 elementor-widget elementor-widget-text-editor\" data-id=\"a051382\" data-element_type=\"widget\" data-e-type=\"widget\" data-widget_type=\"text-editor.default\">\n\t\t\t\t<div class=\"elementor-widget-container\">\n\t\t\t\t\t\t\t\t\tNo cabe duda de que el conductor de un accidente automovil\u00edstico mortal es el responsable de su propia muerte y la de otras tres personas en un accidente automovil\u00edstico en Des Plaines. Sin embargo, muchos se preguntan si las propias fuerzas del orden podr\u00edan tener parte de la culpa. \t\t\t\t\t\t\t\t<\/div>\n\t\t\t\t<\/div>\n\t\t\t\t<div class=\"elementor-element elementor-element-b3c8c34 elementor-widget elementor-widget-text-editor\" data-id=\"b3c8c34\" data-element_type=\"widget\" data-e-type=\"widget\" data-widget_type=\"text-editor.default\">\n\t\t\t\t<div class=\"elementor-widget-container\">\n\t\t\t\t\t\t\t\t\tResulta que el conductor de 21 a\u00f1os que caus\u00f3 el accidente ten\u00eda un historial problem\u00e1tico de exceso de velocidad y conducci\u00f3n negligente. Recibi\u00f3 su primera multa por exceso de velocidad tan solo una semana despu\u00e9s de cumplir 16 a\u00f1os. Durante los cinco a\u00f1os siguientes, acumul\u00f3 al menos ocho infracciones de tr\u00e1nsito m\u00e1s y le suspendieron la licencia de conducir cuatro veces.  \t\t\t\t\t\t\t\t<\/div>\n\t\t\t\t<\/div>\n\t\t\t\t<div class=\"elementor-element elementor-element-a3132f7 elementor-widget elementor-widget-text-editor\" data-id=\"a3132f7\" data-element_type=\"widget\" data-e-type=\"widget\" data-widget_type=\"text-editor.default\">\n\t\t\t\t<div class=\"elementor-widget-container\">\n\t\t\t\t\t\t\t\t\tEn enero de este a\u00f1o, le restituyeron la licencia. Cuatro semanas despu\u00e9s, decidi\u00f3 conducir un veh\u00edculo a casi 160 km\/h, lo que result\u00f3 en una colisi\u00f3n que le cost\u00f3 la vida a \u00e9l y a tres miembros de una familia de Arlington Heights. Una cuarta v\u00edctima, un pasajero del veh\u00edculo del conductor culpable, se encuentra en coma inducido debido a sus lesiones.  \t\t\t\t\t\t\t\t<\/div>\n\t\t\t\t<\/div>\n\t\t\t\t<div class=\"elementor-element elementor-element-c282f84 elementor-widget elementor-widget-text-editor\" data-id=\"c282f84\" data-element_type=\"widget\" data-e-type=\"widget\" data-widget_type=\"text-editor.default\">\n\t\t\t\t<div class=\"elementor-widget-container\">\n\t\t\t\t\t\t\t\t\tUna de las principales preguntas sobre el conductor es c\u00f3mo logr\u00f3 acumular tantas infracciones de tr\u00e1nsito sin que le revocaran la licencia. La respuesta est\u00e1 en el momento en que cometi\u00f3 las infracciones. Para que se le revoque la licencia, las infracciones deben ocurrir con cierta proximidad entre s\u00ed.  \n\t\t\t\t\t\t\t\t<\/div>\n\t\t\t\t<\/div>\n\t\t\t\t<div class=\"elementor-element elementor-element-4023d17 elementor-widget elementor-widget-text-editor\" data-id=\"4023d17\" data-element_type=\"widget\" data-e-type=\"widget\" data-widget_type=\"text-editor.default\">\n\t\t\t\t<div class=\"elementor-widget-container\">\n\t\t\t\t\t\t\t\t\tPara aclarar, el joven habr\u00eda tenido que incurrir en cuatro infracciones de tr\u00e1nsito en un per\u00edodo de 24 meses para que le revocaran la licencia. Los informes indican que el conductor a menudo sobrepasaba el plazo de 24 meses por apenas unos d\u00edas. \t\t\t\t\t\t\t\t<\/div>\n\t\t\t\t<\/div>\n\t\t\t\t<div class=\"elementor-element elementor-element-df1a862 elementor-widget elementor-widget-text-editor\" data-id=\"df1a862\" data-element_type=\"widget\" data-e-type=\"widget\" data-widget_type=\"text-editor.default\">\n\t\t\t\t<div class=\"elementor-widget-container\">\n\t\t\t\t\t\t\t\t\t<p>En cuanto a los deudos, est\u00e1n luchando por sobrellevar las consecuencias. Dado que el conductor falleci\u00f3 en el accidente automovil\u00edstico, no est\u00e1 claro c\u00f3mo <a href=\"https:\/\/eliasik-law.com\/es\/accidentes-automovilisticos\/\" target=\"_blank\" rel=\"noopener\">podr\u00e1n los familiares de las v\u00edctimas encontrar consuelo<\/a> . Como m\u00ednimo, quiz\u00e1s este accidente automovil\u00edstico fatal impulse a las v\u00edctimas de Chicago y otros lugares a llevar a los responsables ante la justicia a trav\u00e9s del sistema legal de Illinois siempre que sea posible.  <\/p>\t\t\t\t\t\t\t\t<\/div>\n\t\t\t\t<\/div>\n\t\t\t\t<div class=\"elementor-element elementor-element-534c5ac elementor-widget elementor-widget-text-editor\" data-id=\"534c5ac\" data-element_type=\"widget\" data-e-type=\"widget\" data-widget_type=\"text-editor.default\">\n\t\t\t\t<div class=\"elementor-widget-container\">\n\t\t\t\t\t\t\t\t\t<div class=\"blog-cat\"><div class=\"entry-meta\"><div class=\"blog-cat\"><div class=\"entry-meta\"><div class=\"blog-cat\"><div class=\"entry-meta\"><div class=\"blog-cat\"><div class=\"entry-meta\"><div class=\"entry-content\"><div class=\"entry-content\"><p><b>Fuente:<\/b> Chicago Tribune, \u201c <a href=\"http:\/\/www.chicagotribune.com\/suburbs\/arlington-heights\/news\/ct-ahp-fatal-crash-speeding-tickets-tl-0309-20170317-story.html\" target=\"_blank\" rel=\"noopener\">Conductor en accidente mortal nunca tuvo licencia revocada, a pesar de muchas infracciones<\/a> \u201d, Karen Ann Cullotta, 17 de marzo de 2017<\/p><\/div><\/div><\/div><\/div><\/div><\/div><\/div><\/div><\/div><\/div>\t\t\t\t\t\t\t\t<\/div>\n\t\t\t\t<\/div>\n\t\t\t\t<div class=\"elementor-element elementor-element-bd95904 elementor-widget elementor-widget-text-editor\" data-id=\"bd95904\" data-element_type=\"widget\" data-e-type=\"widget\" data-widget_type=\"text-editor.default\">\n\t\t\t\t<div class=\"elementor-widget-container\">\n\t\t\t\t\t\t\t\t\t<div class=\"blog-cat\"><div class=\"entry-meta\"><div class=\"blog-cat\"><div class=\"entry-meta\"><div class=\"blog-cat\"><div class=\"entry-meta\"><div class=\"blog-cat\"><div class=\"entry-meta\"><div class=\"blog-cat\"><div class=\"entry-meta\"><div class=\"blog-cat\"><div class=\"entry-meta\">Categor\u00edas: <span class=\"cat-links\"><a href=\"https:\/\/eliasik-law.com\/es\/category\/accidentes-de-vehiculos-de-motor\/\" rel=\"category tag\">Accidentes automovil\u00edsticos<\/a><\/span><\/div><\/div><\/div><\/div><\/div><\/div><\/div><\/div><\/div><\/div><\/div><\/div>\t\t\t\t\t\t\t\t<\/div>\n\t\t\t\t<\/div>\n\t\t\t\t<div class=\"elementor-element elementor-element-4f84809 elementor-widget elementor-widget-text-editor\" data-id=\"4f84809\" data-element_type=\"widget\" data-e-type=\"widget\" data-widget_type=\"text-editor.default\">\n\t\t\t\t<div class=\"elementor-widget-container\">\n\t\t\t\t\t\t\t\t\t  Compartir en:\n [a\u00f1adir a cualquier]\n\t\t\t\t\t\t\t\t<\/div>\n\t\t\t\t<\/div>\n\t\t\t\t<div class=\"elementor-element elementor-element-14f7495 elementor-widget elementor-widget-text-editor\" data-id=\"14f7495\" data-element_type=\"widget\" data-e-type=\"widget\" data-widget_type=\"text-editor.default\">\n\t\t\t\t<div class=\"elementor-widget-container\">\n\t\t\t\t\t\t\t\t\t<footer class=\"entry-meta\"><footer class=\"entry-meta\"><footer class=\"entry-meta\"><footer class=\"entry-meta\"><footer class=\"entry-meta\"><span class=\"tag-title\">Etiquetas:<\/span> <span class=\"tag-links\"><a href=\"https:\/\/eliasik-law.com\/es\/tag\/accidentes-de-vehiculos-de-motor\/\" rel=\"tag\">Accidentes automovil\u00edsticos<\/a><\/span><\/footer><\/footer><\/footer><\/footer><\/footer>\t\t\t\t\t\t\t\t<\/div>\n\t\t\t\t<\/div>\n\t\t\t\t<\/div>\n\t\t\t\t\t<\/div>\n\t\t\t\t<\/div>\n\t\t\t\t<\/div>\n\t\t","protected":false},"excerpt":{"rendered":"<p>No cabe duda de que el conductor de un accidente automovil\u00edstico mortal es el responsable de su propia muerte y la de otras tres personas en un accidente automovil\u00edstico en Des Plaines. Sin embargo, muchos se preguntan si las propias fuerzas del orden podr\u00edan tener parte de la culpa. Resulta que el conductor de 21 [&hellip;]<\/p>\n","protected":false},"author":2,"featured_media":5053,"comment_status":"closed","ping_status":"open","sticky":false,"template":"elementor_header_footer","format":"standard","meta":{"footnotes":""},"categories":[68],"tags":[73],"class_list":["post-5559","post","type-post","status-publish","format-standard","has-post-thumbnail","hentry","category-accidentes-de-vehiculos-de-motor","tag-accidentes-de-vehiculos-de-motor"],"yoast_head":"<!-- This site is optimized with the Yoast SEO plugin v27.4 - https:\/\/yoast.com\/product\/yoast-seo-wordpress\/ -->\n<title>El conductor del accidente fatal ten\u00eda antecedentes de conducci\u00f3n negligente | Bufete de abogados de John S. Eliasik<\/title>\n<meta name=\"description\" content=\"No hay duda de que el conductor en un accidente automovil\u00edstico fatal es el responsable de matarse a s\u00ed mismo y a tres... Accidentes Automovil\u00edsticos\" \/>\n<meta name=\"robots\" content=\"index, follow, max-snippet:-1, max-image-preview:large, max-video-preview:-1\" \/>\n<link rel=\"canonical\" href=\"https:\/\/eliasik-law.com\/es\/el-conductor-en-el-accidente-fatal-tenia-antecedentes-de-conduccion-negligente\/\" \/>\n<meta property=\"og:locale\" content=\"es_ES\" \/>\n<meta property=\"og:type\" content=\"article\" \/>\n<meta property=\"og:title\" content=\"El conductor del accidente fatal ten\u00eda antecedentes de conducci\u00f3n negligente | Bufete de abogados de John S. Eliasik\" \/>\n<meta property=\"og:description\" content=\"No hay duda de que el conductor en un accidente automovil\u00edstico fatal es el responsable de matarse a s\u00ed mismo y a tres... Accidentes Automovil\u00edsticos\" \/>\n<meta property=\"og:url\" content=\"https:\/\/eliasik-law.com\/es\/el-conductor-en-el-accidente-fatal-tenia-antecedentes-de-conduccion-negligente\/\" \/>\n<meta property=\"og:site_name\" content=\"Ley de Eliasik\" \/>\n<meta property=\"article:published_time\" content=\"2017-03-24T20:41:14+00:00\" \/>\n<meta property=\"article:modified_time\" content=\"2025-09-05T16:52:48+00:00\" \/>\n<meta property=\"og:image\" content=\"https:\/\/eliasik-law.com\/wp-content\/uploads\/2025\/02\/driver-negligence-accident.jpg\" \/>\n\t<meta property=\"og:image:width\" content=\"1920\" \/>\n\t<meta property=\"og:image:height\" content=\"1234\" \/>\n\t<meta property=\"og:image:type\" content=\"image\/jpeg\" \/>\n<meta name=\"author\" content=\"SetMySite Development Team\" \/>\n<meta name=\"twitter:label1\" content=\"Escrito por\" \/>\n\t<meta name=\"twitter:data1\" content=\"SetMySite Development Team\" \/>\n\t<meta name=\"twitter:label2\" content=\"Tiempo de lectura\" \/>\n\t<meta name=\"twitter:data2\" content=\"2 minutos\" \/>\n<script type=\"application\/ld+json\" class=\"yoast-schema-graph\">{\"@context\":\"https:\\\/\\\/schema.org\",\"@graph\":[{\"@type\":\"Article\",\"@id\":\"https:\\\/\\\/eliasik-law.com\\\/es\\\/el-conductor-en-el-accidente-fatal-tenia-antecedentes-de-conduccion-negligente\\\/#article\",\"isPartOf\":{\"@id\":\"https:\\\/\\\/eliasik-law.com\\\/es\\\/el-conductor-en-el-accidente-fatal-tenia-antecedentes-de-conduccion-negligente\\\/\"},\"author\":{\"name\":\"SetMySite Development Team\",\"@id\":\"https:\\\/\\\/eliasik-law.com\\\/es\\\/#\\\/schema\\\/person\\\/0e1f00c80fafb54acac392c2790f8d7b\"},\"headline\":\"El conductor en el accidente fatal ten\u00eda antecedentes de conducci\u00f3n negligente.\",\"datePublished\":\"2017-03-24T20:41:14+00:00\",\"dateModified\":\"2025-09-05T16:52:48+00:00\",\"mainEntityOfPage\":{\"@id\":\"https:\\\/\\\/eliasik-law.com\\\/es\\\/el-conductor-en-el-accidente-fatal-tenia-antecedentes-de-conduccion-negligente\\\/\"},\"wordCount\":411,\"publisher\":{\"@id\":\"https:\\\/\\\/eliasik-law.com\\\/es\\\/#organization\"},\"image\":{\"@id\":\"https:\\\/\\\/eliasik-law.com\\\/es\\\/el-conductor-en-el-accidente-fatal-tenia-antecedentes-de-conduccion-negligente\\\/#primaryimage\"},\"thumbnailUrl\":\"https:\\\/\\\/eliasik-law.com\\\/wp-content\\\/uploads\\\/2025\\\/02\\\/driver-negligence-accident.jpg\",\"keywords\":[\"Accidentes de veh\u00edculos de motor\"],\"articleSection\":[\"Accidentes de veh\u00edculos de motor\"],\"inLanguage\":\"es\"},{\"@type\":\"WebPage\",\"@id\":\"https:\\\/\\\/eliasik-law.com\\\/es\\\/el-conductor-en-el-accidente-fatal-tenia-antecedentes-de-conduccion-negligente\\\/\",\"url\":\"https:\\\/\\\/eliasik-law.com\\\/es\\\/el-conductor-en-el-accidente-fatal-tenia-antecedentes-de-conduccion-negligente\\\/\",\"name\":\"El conductor del accidente fatal ten\u00eda antecedentes de conducci\u00f3n negligente | Bufete de abogados de John S. Eliasik\",\"isPartOf\":{\"@id\":\"https:\\\/\\\/eliasik-law.com\\\/es\\\/#website\"},\"primaryImageOfPage\":{\"@id\":\"https:\\\/\\\/eliasik-law.com\\\/es\\\/el-conductor-en-el-accidente-fatal-tenia-antecedentes-de-conduccion-negligente\\\/#primaryimage\"},\"image\":{\"@id\":\"https:\\\/\\\/eliasik-law.com\\\/es\\\/el-conductor-en-el-accidente-fatal-tenia-antecedentes-de-conduccion-negligente\\\/#primaryimage\"},\"thumbnailUrl\":\"https:\\\/\\\/eliasik-law.com\\\/wp-content\\\/uploads\\\/2025\\\/02\\\/driver-negligence-accident.jpg\",\"datePublished\":\"2017-03-24T20:41:14+00:00\",\"dateModified\":\"2025-09-05T16:52:48+00:00\",\"description\":\"No hay duda de que el conductor en un accidente automovil\u00edstico fatal es el responsable de matarse a s\u00ed mismo y a tres... Accidentes Automovil\u00edsticos\",\"inLanguage\":\"es\",\"potentialAction\":[{\"@type\":\"ReadAction\",\"target\":[\"https:\\\/\\\/eliasik-law.com\\\/es\\\/el-conductor-en-el-accidente-fatal-tenia-antecedentes-de-conduccion-negligente\\\/\"]}]},{\"@type\":\"ImageObject\",\"inLanguage\":\"es\",\"@id\":\"https:\\\/\\\/eliasik-law.com\\\/es\\\/el-conductor-en-el-accidente-fatal-tenia-antecedentes-de-conduccion-negligente\\\/#primaryimage\",\"url\":\"https:\\\/\\\/eliasik-law.com\\\/wp-content\\\/uploads\\\/2025\\\/02\\\/driver-negligence-accident.jpg\",\"contentUrl\":\"https:\\\/\\\/eliasik-law.com\\\/wp-content\\\/uploads\\\/2025\\\/02\\\/driver-negligence-accident.jpg\",\"width\":1920,\"height\":1234,\"caption\":\"Two cars are involved in a rear-end collision on a street, surrounded by green leafy trees. A person in a blue shirt stands nearby.\"},{\"@type\":\"WebSite\",\"@id\":\"https:\\\/\\\/eliasik-law.com\\\/es\\\/#website\",\"url\":\"https:\\\/\\\/eliasik-law.com\\\/es\\\/\",\"name\":\"Ley de Eliasik\",\"description\":\"Abogados de lesiones personales en Chicago\",\"publisher\":{\"@id\":\"https:\\\/\\\/eliasik-law.com\\\/es\\\/#organization\"},\"potentialAction\":[{\"@type\":\"SearchAction\",\"target\":{\"@type\":\"EntryPoint\",\"urlTemplate\":\"https:\\\/\\\/eliasik-law.com\\\/es\\\/?s={search_term_string}\"},\"query-input\":{\"@type\":\"PropertyValueSpecification\",\"valueRequired\":true,\"valueName\":\"search_term_string\"}}],\"inLanguage\":\"es\"},{\"@type\":\"Organization\",\"@id\":\"https:\\\/\\\/eliasik-law.com\\\/es\\\/#organization\",\"name\":\"Las Oficinas Legales de John S. Eliasik\",\"url\":\"https:\\\/\\\/eliasik-law.com\\\/es\\\/\",\"logo\":{\"@type\":\"ImageObject\",\"inLanguage\":\"es\",\"@id\":\"https:\\\/\\\/eliasik-law.com\\\/es\\\/#\\\/schema\\\/logo\\\/image\\\/\",\"url\":\"https:\\\/\\\/eliasik-law.com\\\/wp-content\\\/uploads\\\/2023\\\/07\\\/eliasik-law-logo-2-e1679440521344-min.gif\",\"contentUrl\":\"https:\\\/\\\/eliasik-law.com\\\/wp-content\\\/uploads\\\/2023\\\/07\\\/eliasik-law-logo-2-e1679440521344-min.gif\",\"width\":550,\"height\":102,\"caption\":\"Las Oficinas Legales de John S. Eliasik\"},\"image\":{\"@id\":\"https:\\\/\\\/eliasik-law.com\\\/es\\\/#\\\/schema\\\/logo\\\/image\\\/\"}},{\"@type\":\"Person\",\"@id\":\"https:\\\/\\\/eliasik-law.com\\\/es\\\/#\\\/schema\\\/person\\\/0e1f00c80fafb54acac392c2790f8d7b\",\"name\":\"SetMySite Development Team\",\"image\":{\"@type\":\"ImageObject\",\"inLanguage\":\"es\",\"@id\":\"https:\\\/\\\/secure.gravatar.com\\\/avatar\\\/d66977c79a2aae348f70434080d629fe64c25fbd9fe774d8c09f73781bc9a13b?s=96&d=mm&r=g\",\"url\":\"https:\\\/\\\/secure.gravatar.com\\\/avatar\\\/d66977c79a2aae348f70434080d629fe64c25fbd9fe774d8c09f73781bc9a13b?s=96&d=mm&r=g\",\"contentUrl\":\"https:\\\/\\\/secure.gravatar.com\\\/avatar\\\/d66977c79a2aae348f70434080d629fe64c25fbd9fe774d8c09f73781bc9a13b?s=96&d=mm&r=g\",\"caption\":\"SetMySite Development Team\"},\"url\":\"https:\\\/\\\/eliasik-law.com\\\/es\\\/author\\\/devteam\\\/\"}]}<\/script>\n<!-- \/ Yoast SEO plugin. -->","yoast_head_json":{"title":"El conductor del accidente fatal ten\u00eda antecedentes de conducci\u00f3n negligente | Bufete de abogados de John S. Eliasik","description":"No hay duda de que el conductor en un accidente automovil\u00edstico fatal es el responsable de matarse a s\u00ed mismo y a tres... Accidentes Automovil\u00edsticos","robots":{"index":"index","follow":"follow","max-snippet":"max-snippet:-1","max-image-preview":"max-image-preview:large","max-video-preview":"max-video-preview:-1"},"canonical":"https:\/\/eliasik-law.com\/es\/el-conductor-en-el-accidente-fatal-tenia-antecedentes-de-conduccion-negligente\/","og_locale":"es_ES","og_type":"article","og_title":"El conductor del accidente fatal ten\u00eda antecedentes de conducci\u00f3n negligente | Bufete de abogados de John S. Eliasik","og_description":"No hay duda de que el conductor en un accidente automovil\u00edstico fatal es el responsable de matarse a s\u00ed mismo y a tres... Accidentes Automovil\u00edsticos","og_url":"https:\/\/eliasik-law.com\/es\/el-conductor-en-el-accidente-fatal-tenia-antecedentes-de-conduccion-negligente\/","og_site_name":"Ley de Eliasik","article_published_time":"2017-03-24T20:41:14+00:00","article_modified_time":"2025-09-05T16:52:48+00:00","og_image":[{"width":1920,"height":1234,"url":"https:\/\/eliasik-law.com\/wp-content\/uploads\/2025\/02\/driver-negligence-accident.jpg","type":"image\/jpeg"}],"author":"SetMySite Development Team","twitter_misc":{"Escrito por":"SetMySite Development Team","Tiempo de lectura":"2 minutos"},"schema":{"@context":"https:\/\/schema.org","@graph":[{"@type":"Article","@id":"https:\/\/eliasik-law.com\/es\/el-conductor-en-el-accidente-fatal-tenia-antecedentes-de-conduccion-negligente\/#article","isPartOf":{"@id":"https:\/\/eliasik-law.com\/es\/el-conductor-en-el-accidente-fatal-tenia-antecedentes-de-conduccion-negligente\/"},"author":{"name":"SetMySite Development Team","@id":"https:\/\/eliasik-law.com\/es\/#\/schema\/person\/0e1f00c80fafb54acac392c2790f8d7b"},"headline":"El conductor en el accidente fatal ten\u00eda antecedentes de conducci\u00f3n negligente.","datePublished":"2017-03-24T20:41:14+00:00","dateModified":"2025-09-05T16:52:48+00:00","mainEntityOfPage":{"@id":"https:\/\/eliasik-law.com\/es\/el-conductor-en-el-accidente-fatal-tenia-antecedentes-de-conduccion-negligente\/"},"wordCount":411,"publisher":{"@id":"https:\/\/eliasik-law.com\/es\/#organization"},"image":{"@id":"https:\/\/eliasik-law.com\/es\/el-conductor-en-el-accidente-fatal-tenia-antecedentes-de-conduccion-negligente\/#primaryimage"},"thumbnailUrl":"https:\/\/eliasik-law.com\/wp-content\/uploads\/2025\/02\/driver-negligence-accident.jpg","keywords":["Accidentes de veh\u00edculos de motor"],"articleSection":["Accidentes de veh\u00edculos de motor"],"inLanguage":"es"},{"@type":"WebPage","@id":"https:\/\/eliasik-law.com\/es\/el-conductor-en-el-accidente-fatal-tenia-antecedentes-de-conduccion-negligente\/","url":"https:\/\/eliasik-law.com\/es\/el-conductor-en-el-accidente-fatal-tenia-antecedentes-de-conduccion-negligente\/","name":"El conductor del accidente fatal ten\u00eda antecedentes de conducci\u00f3n negligente | Bufete de abogados de John S. Eliasik","isPartOf":{"@id":"https:\/\/eliasik-law.com\/es\/#website"},"primaryImageOfPage":{"@id":"https:\/\/eliasik-law.com\/es\/el-conductor-en-el-accidente-fatal-tenia-antecedentes-de-conduccion-negligente\/#primaryimage"},"image":{"@id":"https:\/\/eliasik-law.com\/es\/el-conductor-en-el-accidente-fatal-tenia-antecedentes-de-conduccion-negligente\/#primaryimage"},"thumbnailUrl":"https:\/\/eliasik-law.com\/wp-content\/uploads\/2025\/02\/driver-negligence-accident.jpg","datePublished":"2017-03-24T20:41:14+00:00","dateModified":"2025-09-05T16:52:48+00:00","description":"No hay duda de que el conductor en un accidente automovil\u00edstico fatal es el responsable de matarse a s\u00ed mismo y a tres... Accidentes Automovil\u00edsticos","inLanguage":"es","potentialAction":[{"@type":"ReadAction","target":["https:\/\/eliasik-law.com\/es\/el-conductor-en-el-accidente-fatal-tenia-antecedentes-de-conduccion-negligente\/"]}]},{"@type":"ImageObject","inLanguage":"es","@id":"https:\/\/eliasik-law.com\/es\/el-conductor-en-el-accidente-fatal-tenia-antecedentes-de-conduccion-negligente\/#primaryimage","url":"https:\/\/eliasik-law.com\/wp-content\/uploads\/2025\/02\/driver-negligence-accident.jpg","contentUrl":"https:\/\/eliasik-law.com\/wp-content\/uploads\/2025\/02\/driver-negligence-accident.jpg","width":1920,"height":1234,"caption":"Two cars are involved in a rear-end collision on a street, surrounded by green leafy trees. A person in a blue shirt stands nearby."},{"@type":"WebSite","@id":"https:\/\/eliasik-law.com\/es\/#website","url":"https:\/\/eliasik-law.com\/es\/","name":"Ley de Eliasik","description":"Abogados de lesiones personales en Chicago","publisher":{"@id":"https:\/\/eliasik-law.com\/es\/#organization"},"potentialAction":[{"@type":"SearchAction","target":{"@type":"EntryPoint","urlTemplate":"https:\/\/eliasik-law.com\/es\/?s={search_term_string}"},"query-input":{"@type":"PropertyValueSpecification","valueRequired":true,"valueName":"search_term_string"}}],"inLanguage":"es"},{"@type":"Organization","@id":"https:\/\/eliasik-law.com\/es\/#organization","name":"Las Oficinas Legales de John S. Eliasik","url":"https:\/\/eliasik-law.com\/es\/","logo":{"@type":"ImageObject","inLanguage":"es","@id":"https:\/\/eliasik-law.com\/es\/#\/schema\/logo\/image\/","url":"https:\/\/eliasik-law.com\/wp-content\/uploads\/2023\/07\/eliasik-law-logo-2-e1679440521344-min.gif","contentUrl":"https:\/\/eliasik-law.com\/wp-content\/uploads\/2023\/07\/eliasik-law-logo-2-e1679440521344-min.gif","width":550,"height":102,"caption":"Las Oficinas Legales de John S. Eliasik"},"image":{"@id":"https:\/\/eliasik-law.com\/es\/#\/schema\/logo\/image\/"}},{"@type":"Person","@id":"https:\/\/eliasik-law.com\/es\/#\/schema\/person\/0e1f00c80fafb54acac392c2790f8d7b","name":"SetMySite Development Team","image":{"@type":"ImageObject","inLanguage":"es","@id":"https:\/\/secure.gravatar.com\/avatar\/d66977c79a2aae348f70434080d629fe64c25fbd9fe774d8c09f73781bc9a13b?s=96&d=mm&r=g","url":"https:\/\/secure.gravatar.com\/avatar\/d66977c79a2aae348f70434080d629fe64c25fbd9fe774d8c09f73781bc9a13b?s=96&d=mm&r=g","contentUrl":"https:\/\/secure.gravatar.com\/avatar\/d66977c79a2aae348f70434080d629fe64c25fbd9fe774d8c09f73781bc9a13b?s=96&d=mm&r=g","caption":"SetMySite Development Team"},"url":"https:\/\/eliasik-law.com\/es\/author\/devteam\/"}]}},"jetpack_featured_media_url":"https:\/\/eliasik-law.com\/wp-content\/uploads\/2025\/02\/driver-negligence-accident.jpg","_links":{"self":[{"href":"https:\/\/eliasik-law.com\/es\/wp-json\/wp\/v2\/posts\/5559","targetHints":{"allow":["GET"]}}],"collection":[{"href":"https:\/\/eliasik-law.com\/es\/wp-json\/wp\/v2\/posts"}],"about":[{"href":"https:\/\/eliasik-law.com\/es\/wp-json\/wp\/v2\/types\/post"}],"author":[{"embeddable":true,"href":"https:\/\/eliasik-law.com\/es\/wp-json\/wp\/v2\/users\/2"}],"replies":[{"embeddable":true,"href":"https:\/\/eliasik-law.com\/es\/wp-json\/wp\/v2\/comments?post=5559"}],"version-history":[{"count":1,"href":"https:\/\/eliasik-law.com\/es\/wp-json\/wp\/v2\/posts\/5559\/revisions"}],"predecessor-version":[{"id":5566,"href":"https:\/\/eliasik-law.com\/es\/wp-json\/wp\/v2\/posts\/5559\/revisions\/5566"}],"wp:featuredmedia":[{"embeddable":true,"href":"https:\/\/eliasik-law.com\/es\/wp-json\/wp\/v2\/media\/5053"}],"wp:attachment":[{"href":"https:\/\/eliasik-law.com\/es\/wp-json\/wp\/v2\/media?parent=5559"}],"wp:term":[{"taxonomy":"category","embeddable":true,"href":"https:\/\/eliasik-law.com\/es\/wp-json\/wp\/v2\/categories?post=5559"},{"taxonomy":"post_tag","embeddable":true,"href":"https:\/\/eliasik-law.com\/es\/wp-json\/wp\/v2\/tags?post=5559"}],"curies":[{"name":"wp","href":"https:\/\/api.w.org\/{rel}","templated":true}]}}