{"id":5590,"date":"2017-01-27T06:38:57","date_gmt":"2017-01-27T14:38:57","guid":{"rendered":"https:\/\/eliasik-law.com\/reclamaciones-por-responsabilidad-civil-de-las-instalaciones-contra-el-gobierno\/"},"modified":"2025-09-05T09:53:00","modified_gmt":"2025-09-05T16:53:00","slug":"reclamaciones-por-responsabilidad-civil-de-las-instalaciones-contra-el-gobierno","status":"publish","type":"post","link":"https:\/\/eliasik-law.com\/es\/reclamaciones-por-responsabilidad-civil-de-las-instalaciones-contra-el-gobierno\/","title":{"rendered":"Reclamaciones por responsabilidad civil de las instalaciones contra el gobierno"},"content":{"rendered":"\t\t<div data-elementor-type=\"wp-post\" data-elementor-id=\"5590\" class=\"elementor elementor-5590 elementor-3061\" data-elementor-post-type=\"post\">\n\t\t\t\t<div class=\"elementor-element elementor-element-b05a12a e-flex e-con-boxed e-con e-parent\" data-id=\"b05a12a\" data-element_type=\"container\" data-e-type=\"container\">\n\t\t\t\t\t<div class=\"e-con-inner\">\n\t\t<div class=\"elementor-element elementor-element-d9aa5b7 e-con-full e-flex e-con e-child\" data-id=\"d9aa5b7\" data-element_type=\"container\" data-e-type=\"container\">\n\t\t<div class=\"elementor-element elementor-element-d83e10b e-con-full e-flex e-con e-child\" data-id=\"d83e10b\" data-element_type=\"container\" data-e-type=\"container\">\n\t\t\t\t<div class=\"elementor-element elementor-element-3205882 elementor-widget elementor-widget-theme-post-title elementor-page-title elementor-widget-heading\" data-id=\"3205882\" data-element_type=\"widget\" data-e-type=\"widget\" data-widget_type=\"theme-post-title.default\">\n\t\t\t\t<div class=\"elementor-widget-container\">\n\t\t\t\t\t<h1 class=\"elementor-heading-title elementor-size-default\">Reclamaciones por responsabilidad civil de las instalaciones contra el gobierno<\/h1>\t\t\t\t<\/div>\n\t\t\t\t<\/div>\n\t\t\t\t<div class=\"elementor-element elementor-element-5b26303 elementor-widget elementor-widget-theme-post-featured-image elementor-widget-image\" data-id=\"5b26303\" data-element_type=\"widget\" data-e-type=\"widget\" data-widget_type=\"theme-post-featured-image.default\">\n\t\t\t\t<div class=\"elementor-widget-container\">\n\t\t\t\t\t\t\t\t\t\t\t\t\t\t\t<img fetchpriority=\"high\" decoding=\"async\" width=\"1920\" height=\"1281\" src=\"https:\/\/eliasik-law.com\/wp-content\/uploads\/2025\/02\/premises-claim.jpg\" class=\"attachment-full size-full wp-image-5044\" alt=\"Person in a white shirt writing on paper with a pen while using a calculator on a wooden desk.\" srcset=\"https:\/\/eliasik-law.com\/wp-content\/uploads\/2025\/02\/premises-claim.jpg 1920w, https:\/\/eliasik-law.com\/wp-content\/uploads\/2025\/02\/premises-claim-300x200.jpg 300w, https:\/\/eliasik-law.com\/wp-content\/uploads\/2025\/02\/premises-claim-1024x683.jpg 1024w, https:\/\/eliasik-law.com\/wp-content\/uploads\/2025\/02\/premises-claim-768x512.jpg 768w, https:\/\/eliasik-law.com\/wp-content\/uploads\/2025\/02\/premises-claim-1536x1025.jpg 1536w\" sizes=\"(max-width: 1920px) 100vw, 1920px\" \/>\t\t\t\t\t\t\t\t\t\t\t\t\t\t\t<\/div>\n\t\t\t\t<\/div>\n\t\t\t\t<div class=\"elementor-element elementor-element-3986451 elementor-align-center elementor-widget elementor-widget-post-info\" data-id=\"3986451\" data-element_type=\"widget\" data-e-type=\"widget\" data-widget_type=\"post-info.default\">\n\t\t\t\t<div class=\"elementor-widget-container\">\n\t\t\t\t\t\t\t<ul class=\"elementor-inline-items elementor-icon-list-items elementor-post-info\">\n\t\t\t\t\t\t\t\t<li class=\"elementor-icon-list-item elementor-repeater-item-1044bf9 elementor-inline-item\" itemprop=\"datePublished\">\n\t\t\t\t\t\t<a href=\"https:\/\/eliasik-law.com\/es\/2017\/01\/27\/\">\n\t\t\t\t\t\t\t\t\t\t\t<span class=\"elementor-icon-list-icon\">\n\t\t\t\t\t\t\t\t<i aria-hidden=\"true\" class=\"fas fa-calendar\"><\/i>\t\t\t\t\t\t\t<\/span>\n\t\t\t\t\t\t\t\t\t<span class=\"elementor-icon-list-text elementor-post-info__item elementor-post-info__item--type-date\">\n\t\t\t\t\t\t\t\t\t\t<time>enero 27, 2017<\/time>\t\t\t\t\t<\/span>\n\t\t\t\t\t\t\t\t\t<\/a>\n\t\t\t\t<\/li>\n\t\t\t\t<\/ul>\n\t\t\t\t\t\t<\/div>\n\t\t\t\t<\/div>\n\t\t\t\t<\/div>\n\t\t\t\t<\/div>\n\t\t<div class=\"elementor-element elementor-element-381c8a9 e-con-full JE-postContent e-flex e-con e-child\" data-id=\"381c8a9\" data-element_type=\"container\" data-e-type=\"container\" data-settings=\"{&quot;background_background&quot;:&quot;classic&quot;}\">\n\t\t\t\t<div class=\"elementor-element elementor-element-a051382 elementor-widget elementor-widget-text-editor\" data-id=\"a051382\" data-element_type=\"widget\" data-e-type=\"widget\" data-widget_type=\"text-editor.default\">\n\t\t\t\t<div class=\"elementor-widget-container\">\n\t\t\t\t\t\t\t\t\t<p>Ya sabe que los accidentes pueden ocurrir en cualquier momento y lugar. Tambi\u00e9n sabe que los propietarios pueden ser responsables de cualquier lesi\u00f3n que usted sufra en sus instalaciones debido a negligencia. Sin embargo, presentar una reclamaci\u00f3n por responsabilidad civil por lesiones sufridas en <a href=\"http:\/\/injury.findlaw.com\/accident-injury-law\/premises-liability-claims-against-the-government.html\" target=\"_blank\" rel=\"noopener\">propiedades federales o estatales<\/a> es un poco m\u00e1s complejo.  <\/p>\t\t\t\t\t\t\t\t<\/div>\n\t\t\t\t<\/div>\n\t\t\t\t<div class=\"elementor-element elementor-element-b3c8c34 elementor-widget elementor-widget-text-editor\" data-id=\"b3c8c34\" data-element_type=\"widget\" data-e-type=\"widget\" data-widget_type=\"text-editor.default\">\n\t\t\t\t<div class=\"elementor-widget-container\">\n\t\t\t\t\t\t\t\t\tHasta 1946, cuando el Congreso aprob\u00f3 la Ley Federal de Reclamaciones por Agravios, quienes sufrieron lesiones por negligencia en propiedad federal no pod\u00edan obtener compensaci\u00f3n. Hasta la FTCA, las oficinas y organizaciones del gobierno federal gozaban de inmunidad ante demandas por agravios. La ley otorg\u00f3 a los ciudadanos estadounidenses la facultad de solicitar compensaci\u00f3n a entidades federales por lesiones personales causadas por la negligencia de un empleado del gobierno.  \n\n\t\t\t\t\t\t\t\t<\/div>\n\t\t\t\t<\/div>\n\t\t\t\t<div class=\"elementor-element elementor-element-eebb20d elementor-widget elementor-widget-text-editor\" data-id=\"eebb20d\" data-element_type=\"widget\" data-e-type=\"widget\" data-widget_type=\"text-editor.default\">\n\t\t\t\t<div class=\"elementor-widget-container\">\n\t\t\t\t\t\t\t\t\tQuienes se lesionen en las instalaciones de una entidad gubernamental del estado de Illinois tambi\u00e9n pueden solicitar ayuda. Como es de esperar, las demandas por responsabilidad civil de locales, tanto a nivel estatal como federal, pueden ser bastante complejas. Para superar esta experiencia con \u00e9xito, le conviene contar con la asistencia de un abogado.  \n\n\t\t\t\t\t\t\t\t<\/div>\n\t\t\t\t<\/div>\n\t\t\t\t<div class=\"elementor-element elementor-element-7ba53fd elementor-widget elementor-widget-text-editor\" data-id=\"7ba53fd\" data-element_type=\"widget\" data-e-type=\"widget\" data-widget_type=\"text-editor.default\">\n\t\t\t\t<div class=\"elementor-widget-container\">\n\t\t\t\t\t\t\t\t\t<p>Para obtener los mejores resultados, busque un abogado especializado en responsabilidad civil de propiedad <a href=\"https:\/\/eliasik-law.com\/es\/responsabilidad-de-las-instalaciones\/\" target=\"_blank\" rel=\"noopener\">que est\u00e9 preparado para defenderlo<\/a> durante todo el proceso. Tambi\u00e9n es recomendable elegir un abogado con experiencia en casos de responsabilidad civil de propiedad y con un buen historial en la investigaci\u00f3n de accidentes con propiedad gubernamental. <\/p>\t\t\t\t\t\t\t\t<\/div>\n\t\t\t\t<\/div>\n\t\t\t\t<div class=\"elementor-element elementor-element-245e384 elementor-widget elementor-widget-text-editor\" data-id=\"245e384\" data-element_type=\"widget\" data-e-type=\"widget\" data-widget_type=\"text-editor.default\">\n\t\t\t\t<div class=\"elementor-widget-container\">\n\t\t\t\t\t\t\t\t\tComo abogados que atienden a residentes de Chicago, hemos ayudado a muchas v\u00edctimas de lesiones que buscan compensaci\u00f3n de entidades gubernamentales. Siempre que se produce una lesi\u00f3n debido a la negligencia de un tercero, creemos que nadie deber\u00eda estar exento de recibir una compensaci\u00f3n. Contin\u00fae aprendiendo sobre la responsabilidad civil de las propiedades en Chicago visitando nuestro sitio web. Tambi\u00e9n puede comunicarse con nuestro personal si tiene preguntas o inquietudes espec\u00edficas sobre accidentes y lesiones relacionados con propiedades gubernamentales.   \n\n\t\t\t\t\t\t\t\t<\/div>\n\t\t\t\t<\/div>\n\t\t\t\t<div class=\"elementor-element elementor-element-2bd4733 elementor-widget elementor-widget-text-editor\" data-id=\"2bd4733\" data-element_type=\"widget\" data-e-type=\"widget\" data-widget_type=\"text-editor.default\">\n\t\t\t\t<div class=\"elementor-widget-container\">\n\t\t\t\t\t\t\t\t\t<div class=\"blog-cat\"><div class=\"entry-meta\"><div class=\"blog-cat\"><div class=\"entry-meta\"><div class=\"entry-content\"><div class=\"blog-cat\"><div class=\"entry-meta\"><div class=\"blog-cat\"><div class=\"entry-meta\">Categor\u00edas: <span class=\"cat-links\"><a href=\"https:\/\/eliasik-law.com\/es\/category\/responsabilidad-de-las-instalaciones\/\" rel=\"category tag\">Responsabilidad de las instalaciones<\/a><\/span><\/div><\/div><\/div><\/div><\/div><\/div><\/div><\/div><\/div>\t\t\t\t\t\t\t\t<\/div>\n\t\t\t\t<\/div>\n\t\t\t\t<div class=\"elementor-element elementor-element-4f84809 elementor-widget elementor-widget-text-editor\" data-id=\"4f84809\" data-element_type=\"widget\" data-e-type=\"widget\" data-widget_type=\"text-editor.default\">\n\t\t\t\t<div class=\"elementor-widget-container\">\n\t\t\t\t\t\t\t\t\t  Compartir en:\n [a\u00f1adir a cualquier]\n\t\t\t\t\t\t\t\t<\/div>\n\t\t\t\t<\/div>\n\t\t\t\t<div class=\"elementor-element elementor-element-14f7495 elementor-widget elementor-widget-text-editor\" data-id=\"14f7495\" data-element_type=\"widget\" data-e-type=\"widget\" data-widget_type=\"text-editor.default\">\n\t\t\t\t<div class=\"elementor-widget-container\">\n\t\t\t\t\t\t\t\t\t<footer class=\"entry-meta\"><footer class=\"entry-meta\"><footer class=\"entry-meta\"><span class=\"tag-title\">Etiquetas:<\/span> <span class=\"tag-links\"><a href=\"https:\/\/eliasik-law.com\/es\/tag\/responsabilidad-de-las-instalaciones\/\" rel=\"tag\">Responsabilidad civil de las instalaciones<\/a><\/span><\/footer><\/footer><\/footer>\t\t\t\t\t\t\t\t<\/div>\n\t\t\t\t<\/div>\n\t\t\t\t<\/div>\n\t\t\t\t\t<\/div>\n\t\t\t\t<\/div>\n\t\t\t\t<\/div>\n\t\t","protected":false},"excerpt":{"rendered":"<p>Ya sabe que los accidentes pueden ocurrir en cualquier momento y lugar. Tambi\u00e9n sabe que los propietarios pueden ser responsables de cualquier lesi\u00f3n que usted sufra en sus instalaciones debido a negligencia. Sin embargo, presentar una reclamaci\u00f3n por responsabilidad civil por lesiones sufridas en propiedades federales o estatales es un poco m\u00e1s complejo. Hasta 1946, [&hellip;]<\/p>\n","protected":false},"author":2,"featured_media":5044,"comment_status":"closed","ping_status":"open","sticky":false,"template":"elementor_header_footer","format":"standard","meta":{"footnotes":""},"categories":[71],"tags":[76],"class_list":["post-5590","post","type-post","status-publish","format-standard","has-post-thumbnail","hentry","category-responsabilidad-de-las-instalaciones","tag-responsabilidad-de-las-instalaciones"],"yoast_head":"<!-- This site is optimized with the Yoast SEO plugin v27.4 - https:\/\/yoast.com\/product\/yoast-seo-wordpress\/ -->\n<title>Reclamaciones por responsabilidad civil contra el gobierno | Bufete de abogados de John S. Eliasik<\/title>\n<meta name=\"description\" content=\"Ya sabe que los accidentes pueden ocurrir en cualquier momento y lugar. Tambi\u00e9n sabe que los propietarios pueden ser responsables de... Responsabilidad Civil.\" \/>\n<meta name=\"robots\" content=\"index, follow, max-snippet:-1, max-image-preview:large, max-video-preview:-1\" \/>\n<link rel=\"canonical\" href=\"https:\/\/eliasik-law.com\/es\/reclamaciones-por-responsabilidad-civil-de-las-instalaciones-contra-el-gobierno\/\" \/>\n<meta property=\"og:locale\" content=\"es_ES\" \/>\n<meta property=\"og:type\" content=\"article\" \/>\n<meta property=\"og:title\" content=\"Reclamaciones por responsabilidad civil contra el gobierno | Bufete de abogados de John S. Eliasik\" \/>\n<meta property=\"og:description\" content=\"Ya sabe que los accidentes pueden ocurrir en cualquier momento y lugar. Tambi\u00e9n sabe que los propietarios pueden ser responsables de... Responsabilidad Civil.\" \/>\n<meta property=\"og:url\" content=\"https:\/\/eliasik-law.com\/es\/reclamaciones-por-responsabilidad-civil-de-las-instalaciones-contra-el-gobierno\/\" \/>\n<meta property=\"og:site_name\" content=\"Ley de Eliasik\" \/>\n<meta property=\"article:published_time\" content=\"2017-01-27T14:38:57+00:00\" \/>\n<meta property=\"article:modified_time\" content=\"2025-09-05T16:53:00+00:00\" \/>\n<meta property=\"og:image\" content=\"https:\/\/eliasik-law.com\/wp-content\/uploads\/2025\/02\/premises-claim.jpg\" \/>\n\t<meta property=\"og:image:width\" content=\"1920\" \/>\n\t<meta property=\"og:image:height\" content=\"1281\" \/>\n\t<meta property=\"og:image:type\" content=\"image\/jpeg\" \/>\n<meta name=\"author\" content=\"SetMySite Development Team\" \/>\n<meta name=\"twitter:label1\" content=\"Escrito por\" \/>\n\t<meta name=\"twitter:data1\" content=\"SetMySite Development Team\" \/>\n\t<meta name=\"twitter:label2\" content=\"Tiempo de lectura\" \/>\n\t<meta name=\"twitter:data2\" content=\"2 minutos\" \/>\n<script type=\"application\/ld+json\" class=\"yoast-schema-graph\">{\"@context\":\"https:\\\/\\\/schema.org\",\"@graph\":[{\"@type\":\"Article\",\"@id\":\"https:\\\/\\\/eliasik-law.com\\\/es\\\/reclamaciones-por-responsabilidad-civil-de-las-instalaciones-contra-el-gobierno\\\/#article\",\"isPartOf\":{\"@id\":\"https:\\\/\\\/eliasik-law.com\\\/es\\\/reclamaciones-por-responsabilidad-civil-de-las-instalaciones-contra-el-gobierno\\\/\"},\"author\":{\"name\":\"SetMySite Development Team\",\"@id\":\"https:\\\/\\\/eliasik-law.com\\\/es\\\/#\\\/schema\\\/person\\\/0e1f00c80fafb54acac392c2790f8d7b\"},\"headline\":\"Reclamaciones por responsabilidad civil de las instalaciones contra el gobierno\",\"datePublished\":\"2017-01-27T14:38:57+00:00\",\"dateModified\":\"2025-09-05T16:53:00+00:00\",\"mainEntityOfPage\":{\"@id\":\"https:\\\/\\\/eliasik-law.com\\\/es\\\/reclamaciones-por-responsabilidad-civil-de-las-instalaciones-contra-el-gobierno\\\/\"},\"wordCount\":351,\"publisher\":{\"@id\":\"https:\\\/\\\/eliasik-law.com\\\/es\\\/#organization\"},\"image\":{\"@id\":\"https:\\\/\\\/eliasik-law.com\\\/es\\\/reclamaciones-por-responsabilidad-civil-de-las-instalaciones-contra-el-gobierno\\\/#primaryimage\"},\"thumbnailUrl\":\"https:\\\/\\\/eliasik-law.com\\\/wp-content\\\/uploads\\\/2025\\\/02\\\/premises-claim.jpg\",\"keywords\":[\"Responsabilidad de las instalaciones\"],\"articleSection\":[\"Responsabilidad de las instalaciones\"],\"inLanguage\":\"es\"},{\"@type\":\"WebPage\",\"@id\":\"https:\\\/\\\/eliasik-law.com\\\/es\\\/reclamaciones-por-responsabilidad-civil-de-las-instalaciones-contra-el-gobierno\\\/\",\"url\":\"https:\\\/\\\/eliasik-law.com\\\/es\\\/reclamaciones-por-responsabilidad-civil-de-las-instalaciones-contra-el-gobierno\\\/\",\"name\":\"Reclamaciones por responsabilidad civil contra el gobierno | Bufete de abogados de John S. Eliasik\",\"isPartOf\":{\"@id\":\"https:\\\/\\\/eliasik-law.com\\\/es\\\/#website\"},\"primaryImageOfPage\":{\"@id\":\"https:\\\/\\\/eliasik-law.com\\\/es\\\/reclamaciones-por-responsabilidad-civil-de-las-instalaciones-contra-el-gobierno\\\/#primaryimage\"},\"image\":{\"@id\":\"https:\\\/\\\/eliasik-law.com\\\/es\\\/reclamaciones-por-responsabilidad-civil-de-las-instalaciones-contra-el-gobierno\\\/#primaryimage\"},\"thumbnailUrl\":\"https:\\\/\\\/eliasik-law.com\\\/wp-content\\\/uploads\\\/2025\\\/02\\\/premises-claim.jpg\",\"datePublished\":\"2017-01-27T14:38:57+00:00\",\"dateModified\":\"2025-09-05T16:53:00+00:00\",\"description\":\"Ya sabe que los accidentes pueden ocurrir en cualquier momento y lugar. Tambi\u00e9n sabe que los propietarios pueden ser responsables de... Responsabilidad Civil.\",\"inLanguage\":\"es\",\"potentialAction\":[{\"@type\":\"ReadAction\",\"target\":[\"https:\\\/\\\/eliasik-law.com\\\/es\\\/reclamaciones-por-responsabilidad-civil-de-las-instalaciones-contra-el-gobierno\\\/\"]}]},{\"@type\":\"ImageObject\",\"inLanguage\":\"es\",\"@id\":\"https:\\\/\\\/eliasik-law.com\\\/es\\\/reclamaciones-por-responsabilidad-civil-de-las-instalaciones-contra-el-gobierno\\\/#primaryimage\",\"url\":\"https:\\\/\\\/eliasik-law.com\\\/wp-content\\\/uploads\\\/2025\\\/02\\\/premises-claim.jpg\",\"contentUrl\":\"https:\\\/\\\/eliasik-law.com\\\/wp-content\\\/uploads\\\/2025\\\/02\\\/premises-claim.jpg\",\"width\":1920,\"height\":1281,\"caption\":\"Person in a white shirt writing on paper with a pen while using a calculator on a wooden desk.\"},{\"@type\":\"WebSite\",\"@id\":\"https:\\\/\\\/eliasik-law.com\\\/es\\\/#website\",\"url\":\"https:\\\/\\\/eliasik-law.com\\\/es\\\/\",\"name\":\"Ley de Eliasik\",\"description\":\"Abogados de lesiones personales en Chicago\",\"publisher\":{\"@id\":\"https:\\\/\\\/eliasik-law.com\\\/es\\\/#organization\"},\"potentialAction\":[{\"@type\":\"SearchAction\",\"target\":{\"@type\":\"EntryPoint\",\"urlTemplate\":\"https:\\\/\\\/eliasik-law.com\\\/es\\\/?s={search_term_string}\"},\"query-input\":{\"@type\":\"PropertyValueSpecification\",\"valueRequired\":true,\"valueName\":\"search_term_string\"}}],\"inLanguage\":\"es\"},{\"@type\":\"Organization\",\"@id\":\"https:\\\/\\\/eliasik-law.com\\\/es\\\/#organization\",\"name\":\"Las Oficinas Legales de John S. Eliasik\",\"url\":\"https:\\\/\\\/eliasik-law.com\\\/es\\\/\",\"logo\":{\"@type\":\"ImageObject\",\"inLanguage\":\"es\",\"@id\":\"https:\\\/\\\/eliasik-law.com\\\/es\\\/#\\\/schema\\\/logo\\\/image\\\/\",\"url\":\"https:\\\/\\\/eliasik-law.com\\\/wp-content\\\/uploads\\\/2023\\\/07\\\/eliasik-law-logo-2-e1679440521344-min.gif\",\"contentUrl\":\"https:\\\/\\\/eliasik-law.com\\\/wp-content\\\/uploads\\\/2023\\\/07\\\/eliasik-law-logo-2-e1679440521344-min.gif\",\"width\":550,\"height\":102,\"caption\":\"Las Oficinas Legales de John S. Eliasik\"},\"image\":{\"@id\":\"https:\\\/\\\/eliasik-law.com\\\/es\\\/#\\\/schema\\\/logo\\\/image\\\/\"}},{\"@type\":\"Person\",\"@id\":\"https:\\\/\\\/eliasik-law.com\\\/es\\\/#\\\/schema\\\/person\\\/0e1f00c80fafb54acac392c2790f8d7b\",\"name\":\"SetMySite Development Team\",\"image\":{\"@type\":\"ImageObject\",\"inLanguage\":\"es\",\"@id\":\"https:\\\/\\\/secure.gravatar.com\\\/avatar\\\/d66977c79a2aae348f70434080d629fe64c25fbd9fe774d8c09f73781bc9a13b?s=96&d=mm&r=g\",\"url\":\"https:\\\/\\\/secure.gravatar.com\\\/avatar\\\/d66977c79a2aae348f70434080d629fe64c25fbd9fe774d8c09f73781bc9a13b?s=96&d=mm&r=g\",\"contentUrl\":\"https:\\\/\\\/secure.gravatar.com\\\/avatar\\\/d66977c79a2aae348f70434080d629fe64c25fbd9fe774d8c09f73781bc9a13b?s=96&d=mm&r=g\",\"caption\":\"SetMySite Development Team\"},\"url\":\"https:\\\/\\\/eliasik-law.com\\\/es\\\/author\\\/devteam\\\/\"}]}<\/script>\n<!-- \/ Yoast SEO plugin. -->","yoast_head_json":{"title":"Reclamaciones por responsabilidad civil contra el gobierno | Bufete de abogados de John S. Eliasik","description":"Ya sabe que los accidentes pueden ocurrir en cualquier momento y lugar. Tambi\u00e9n sabe que los propietarios pueden ser responsables de... Responsabilidad Civil.","robots":{"index":"index","follow":"follow","max-snippet":"max-snippet:-1","max-image-preview":"max-image-preview:large","max-video-preview":"max-video-preview:-1"},"canonical":"https:\/\/eliasik-law.com\/es\/reclamaciones-por-responsabilidad-civil-de-las-instalaciones-contra-el-gobierno\/","og_locale":"es_ES","og_type":"article","og_title":"Reclamaciones por responsabilidad civil contra el gobierno | Bufete de abogados de John S. Eliasik","og_description":"Ya sabe que los accidentes pueden ocurrir en cualquier momento y lugar. Tambi\u00e9n sabe que los propietarios pueden ser responsables de... Responsabilidad Civil.","og_url":"https:\/\/eliasik-law.com\/es\/reclamaciones-por-responsabilidad-civil-de-las-instalaciones-contra-el-gobierno\/","og_site_name":"Ley de Eliasik","article_published_time":"2017-01-27T14:38:57+00:00","article_modified_time":"2025-09-05T16:53:00+00:00","og_image":[{"width":1920,"height":1281,"url":"https:\/\/eliasik-law.com\/wp-content\/uploads\/2025\/02\/premises-claim.jpg","type":"image\/jpeg"}],"author":"SetMySite Development Team","twitter_misc":{"Escrito por":"SetMySite Development Team","Tiempo de lectura":"2 minutos"},"schema":{"@context":"https:\/\/schema.org","@graph":[{"@type":"Article","@id":"https:\/\/eliasik-law.com\/es\/reclamaciones-por-responsabilidad-civil-de-las-instalaciones-contra-el-gobierno\/#article","isPartOf":{"@id":"https:\/\/eliasik-law.com\/es\/reclamaciones-por-responsabilidad-civil-de-las-instalaciones-contra-el-gobierno\/"},"author":{"name":"SetMySite Development Team","@id":"https:\/\/eliasik-law.com\/es\/#\/schema\/person\/0e1f00c80fafb54acac392c2790f8d7b"},"headline":"Reclamaciones por responsabilidad civil de las instalaciones contra el gobierno","datePublished":"2017-01-27T14:38:57+00:00","dateModified":"2025-09-05T16:53:00+00:00","mainEntityOfPage":{"@id":"https:\/\/eliasik-law.com\/es\/reclamaciones-por-responsabilidad-civil-de-las-instalaciones-contra-el-gobierno\/"},"wordCount":351,"publisher":{"@id":"https:\/\/eliasik-law.com\/es\/#organization"},"image":{"@id":"https:\/\/eliasik-law.com\/es\/reclamaciones-por-responsabilidad-civil-de-las-instalaciones-contra-el-gobierno\/#primaryimage"},"thumbnailUrl":"https:\/\/eliasik-law.com\/wp-content\/uploads\/2025\/02\/premises-claim.jpg","keywords":["Responsabilidad de las instalaciones"],"articleSection":["Responsabilidad de las instalaciones"],"inLanguage":"es"},{"@type":"WebPage","@id":"https:\/\/eliasik-law.com\/es\/reclamaciones-por-responsabilidad-civil-de-las-instalaciones-contra-el-gobierno\/","url":"https:\/\/eliasik-law.com\/es\/reclamaciones-por-responsabilidad-civil-de-las-instalaciones-contra-el-gobierno\/","name":"Reclamaciones por responsabilidad civil contra el gobierno | Bufete de abogados de John S. Eliasik","isPartOf":{"@id":"https:\/\/eliasik-law.com\/es\/#website"},"primaryImageOfPage":{"@id":"https:\/\/eliasik-law.com\/es\/reclamaciones-por-responsabilidad-civil-de-las-instalaciones-contra-el-gobierno\/#primaryimage"},"image":{"@id":"https:\/\/eliasik-law.com\/es\/reclamaciones-por-responsabilidad-civil-de-las-instalaciones-contra-el-gobierno\/#primaryimage"},"thumbnailUrl":"https:\/\/eliasik-law.com\/wp-content\/uploads\/2025\/02\/premises-claim.jpg","datePublished":"2017-01-27T14:38:57+00:00","dateModified":"2025-09-05T16:53:00+00:00","description":"Ya sabe que los accidentes pueden ocurrir en cualquier momento y lugar. Tambi\u00e9n sabe que los propietarios pueden ser responsables de... Responsabilidad Civil.","inLanguage":"es","potentialAction":[{"@type":"ReadAction","target":["https:\/\/eliasik-law.com\/es\/reclamaciones-por-responsabilidad-civil-de-las-instalaciones-contra-el-gobierno\/"]}]},{"@type":"ImageObject","inLanguage":"es","@id":"https:\/\/eliasik-law.com\/es\/reclamaciones-por-responsabilidad-civil-de-las-instalaciones-contra-el-gobierno\/#primaryimage","url":"https:\/\/eliasik-law.com\/wp-content\/uploads\/2025\/02\/premises-claim.jpg","contentUrl":"https:\/\/eliasik-law.com\/wp-content\/uploads\/2025\/02\/premises-claim.jpg","width":1920,"height":1281,"caption":"Person in a white shirt writing on paper with a pen while using a calculator on a wooden desk."},{"@type":"WebSite","@id":"https:\/\/eliasik-law.com\/es\/#website","url":"https:\/\/eliasik-law.com\/es\/","name":"Ley de Eliasik","description":"Abogados de lesiones personales en Chicago","publisher":{"@id":"https:\/\/eliasik-law.com\/es\/#organization"},"potentialAction":[{"@type":"SearchAction","target":{"@type":"EntryPoint","urlTemplate":"https:\/\/eliasik-law.com\/es\/?s={search_term_string}"},"query-input":{"@type":"PropertyValueSpecification","valueRequired":true,"valueName":"search_term_string"}}],"inLanguage":"es"},{"@type":"Organization","@id":"https:\/\/eliasik-law.com\/es\/#organization","name":"Las Oficinas Legales de John S. Eliasik","url":"https:\/\/eliasik-law.com\/es\/","logo":{"@type":"ImageObject","inLanguage":"es","@id":"https:\/\/eliasik-law.com\/es\/#\/schema\/logo\/image\/","url":"https:\/\/eliasik-law.com\/wp-content\/uploads\/2023\/07\/eliasik-law-logo-2-e1679440521344-min.gif","contentUrl":"https:\/\/eliasik-law.com\/wp-content\/uploads\/2023\/07\/eliasik-law-logo-2-e1679440521344-min.gif","width":550,"height":102,"caption":"Las Oficinas Legales de John S. Eliasik"},"image":{"@id":"https:\/\/eliasik-law.com\/es\/#\/schema\/logo\/image\/"}},{"@type":"Person","@id":"https:\/\/eliasik-law.com\/es\/#\/schema\/person\/0e1f00c80fafb54acac392c2790f8d7b","name":"SetMySite Development Team","image":{"@type":"ImageObject","inLanguage":"es","@id":"https:\/\/secure.gravatar.com\/avatar\/d66977c79a2aae348f70434080d629fe64c25fbd9fe774d8c09f73781bc9a13b?s=96&d=mm&r=g","url":"https:\/\/secure.gravatar.com\/avatar\/d66977c79a2aae348f70434080d629fe64c25fbd9fe774d8c09f73781bc9a13b?s=96&d=mm&r=g","contentUrl":"https:\/\/secure.gravatar.com\/avatar\/d66977c79a2aae348f70434080d629fe64c25fbd9fe774d8c09f73781bc9a13b?s=96&d=mm&r=g","caption":"SetMySite Development Team"},"url":"https:\/\/eliasik-law.com\/es\/author\/devteam\/"}]}},"jetpack_featured_media_url":"https:\/\/eliasik-law.com\/wp-content\/uploads\/2025\/02\/premises-claim.jpg","_links":{"self":[{"href":"https:\/\/eliasik-law.com\/es\/wp-json\/wp\/v2\/posts\/5590","targetHints":{"allow":["GET"]}}],"collection":[{"href":"https:\/\/eliasik-law.com\/es\/wp-json\/wp\/v2\/posts"}],"about":[{"href":"https:\/\/eliasik-law.com\/es\/wp-json\/wp\/v2\/types\/post"}],"author":[{"embeddable":true,"href":"https:\/\/eliasik-law.com\/es\/wp-json\/wp\/v2\/users\/2"}],"replies":[{"embeddable":true,"href":"https:\/\/eliasik-law.com\/es\/wp-json\/wp\/v2\/comments?post=5590"}],"version-history":[{"count":1,"href":"https:\/\/eliasik-law.com\/es\/wp-json\/wp\/v2\/posts\/5590\/revisions"}],"predecessor-version":[{"id":5593,"href":"https:\/\/eliasik-law.com\/es\/wp-json\/wp\/v2\/posts\/5590\/revisions\/5593"}],"wp:featuredmedia":[{"embeddable":true,"href":"https:\/\/eliasik-law.com\/es\/wp-json\/wp\/v2\/media\/5044"}],"wp:attachment":[{"href":"https:\/\/eliasik-law.com\/es\/wp-json\/wp\/v2\/media?parent=5590"}],"wp:term":[{"taxonomy":"category","embeddable":true,"href":"https:\/\/eliasik-law.com\/es\/wp-json\/wp\/v2\/categories?post=5590"},{"taxonomy":"post_tag","embeddable":true,"href":"https:\/\/eliasik-law.com\/es\/wp-json\/wp\/v2\/tags?post=5590"}],"curies":[{"name":"wp","href":"https:\/\/api.w.org\/{rel}","templated":true}]}}