{"id":5638,"date":"2014-06-01T05:02:08","date_gmt":"2014-06-01T12:02:08","guid":{"rendered":"https:\/\/eliasik-law.com\/mordedura-de-perro-que-involucra-a-un-nino-da-lugar-a-cargos-para-el-dueno\/"},"modified":"2025-09-05T09:53:31","modified_gmt":"2025-09-05T16:53:31","slug":"mordedura-de-perro-que-involucra-a-un-nino-da-lugar-a-cargos-para-el-dueno","status":"publish","type":"post","link":"https:\/\/eliasik-law.com\/es\/mordedura-de-perro-que-involucra-a-un-nino-da-lugar-a-cargos-para-el-dueno\/","title":{"rendered":"Mordedura de perro que involucra a un ni\u00f1o da lugar a cargos para el due\u00f1o"},"content":{"rendered":"\t\t<div data-elementor-type=\"wp-post\" data-elementor-id=\"5638\" class=\"elementor elementor-5638 elementor-2872\" data-elementor-post-type=\"post\">\n\t\t\t\t<div class=\"elementor-element elementor-element-b05a12a e-flex e-con-boxed e-con e-parent\" data-id=\"b05a12a\" data-element_type=\"container\" data-e-type=\"container\">\n\t\t\t\t\t<div class=\"e-con-inner\">\n\t\t<div class=\"elementor-element elementor-element-d9aa5b7 e-con-full e-flex e-con e-child\" data-id=\"d9aa5b7\" data-element_type=\"container\" data-e-type=\"container\">\n\t\t<div class=\"elementor-element elementor-element-d83e10b e-con-full e-flex e-con e-child\" data-id=\"d83e10b\" data-element_type=\"container\" data-e-type=\"container\">\n\t\t\t\t<div class=\"elementor-element elementor-element-3205882 elementor-widget elementor-widget-theme-post-title elementor-page-title elementor-widget-heading\" data-id=\"3205882\" data-element_type=\"widget\" data-e-type=\"widget\" data-widget_type=\"theme-post-title.default\">\n\t\t\t\t<div class=\"elementor-widget-container\">\n\t\t\t\t\t<h1 class=\"elementor-heading-title elementor-size-default\">Mordedura de perro que involucra a un ni\u00f1o da lugar a cargos para el due\u00f1o<\/h1>\t\t\t\t<\/div>\n\t\t\t\t<\/div>\n\t\t\t\t<div class=\"elementor-element elementor-element-5b26303 elementor-widget elementor-widget-theme-post-featured-image elementor-widget-image\" data-id=\"5b26303\" data-element_type=\"widget\" data-e-type=\"widget\" data-widget_type=\"theme-post-featured-image.default\">\n\t\t\t\t<div class=\"elementor-widget-container\">\n\t\t\t\t\t\t\t\t\t\t\t\t\t\t\t<img fetchpriority=\"high\" decoding=\"async\" width=\"1920\" height=\"1280\" src=\"https:\/\/eliasik-law.com\/wp-content\/uploads\/2014\/06\/dog-bite-child.jpg\" class=\"attachment-full size-full wp-image-5024\" alt=\"A Shiba Inu on a pink leash stands on grass, looking at a child, who is turned away, in a park with trees in the background.\" srcset=\"https:\/\/eliasik-law.com\/wp-content\/uploads\/2014\/06\/dog-bite-child.jpg 1920w, https:\/\/eliasik-law.com\/wp-content\/uploads\/2014\/06\/dog-bite-child-300x200.jpg 300w, https:\/\/eliasik-law.com\/wp-content\/uploads\/2014\/06\/dog-bite-child-1024x683.jpg 1024w, https:\/\/eliasik-law.com\/wp-content\/uploads\/2014\/06\/dog-bite-child-768x512.jpg 768w, https:\/\/eliasik-law.com\/wp-content\/uploads\/2014\/06\/dog-bite-child-1536x1024.jpg 1536w\" sizes=\"(max-width: 1920px) 100vw, 1920px\" \/>\t\t\t\t\t\t\t\t\t\t\t\t\t\t\t<\/div>\n\t\t\t\t<\/div>\n\t\t\t\t<div class=\"elementor-element elementor-element-3986451 elementor-align-center elementor-widget elementor-widget-post-info\" data-id=\"3986451\" data-element_type=\"widget\" data-e-type=\"widget\" data-widget_type=\"post-info.default\">\n\t\t\t\t<div class=\"elementor-widget-container\">\n\t\t\t\t\t\t\t<ul class=\"elementor-inline-items elementor-icon-list-items elementor-post-info\">\n\t\t\t\t\t\t\t\t<li class=\"elementor-icon-list-item elementor-repeater-item-1044bf9 elementor-inline-item\" itemprop=\"datePublished\">\n\t\t\t\t\t\t<a href=\"https:\/\/eliasik-law.com\/es\/2014\/06\/01\/\">\n\t\t\t\t\t\t\t\t\t\t\t<span class=\"elementor-icon-list-icon\">\n\t\t\t\t\t\t\t\t<i aria-hidden=\"true\" class=\"fas fa-calendar\"><\/i>\t\t\t\t\t\t\t<\/span>\n\t\t\t\t\t\t\t\t\t<span class=\"elementor-icon-list-text elementor-post-info__item elementor-post-info__item--type-date\">\n\t\t\t\t\t\t\t\t\t\t<time>junio 1, 2014<\/time>\t\t\t\t\t<\/span>\n\t\t\t\t\t\t\t\t\t<\/a>\n\t\t\t\t<\/li>\n\t\t\t\t<\/ul>\n\t\t\t\t\t\t<\/div>\n\t\t\t\t<\/div>\n\t\t\t\t<\/div>\n\t\t\t\t<\/div>\n\t\t<div class=\"elementor-element elementor-element-381c8a9 e-con-full JE-postContent e-flex e-con e-child\" data-id=\"381c8a9\" data-element_type=\"container\" data-e-type=\"container\" data-settings=\"{&quot;background_background&quot;:&quot;classic&quot;}\">\n\t\t\t\t<div class=\"elementor-element elementor-element-a051382 elementor-widget elementor-widget-text-editor\" data-id=\"a051382\" data-element_type=\"widget\" data-e-type=\"widget\" data-widget_type=\"text-editor.default\">\n\t\t\t\t<div class=\"elementor-widget-container\">\n\t\t\t\t\t\t\t\t\tEl due\u00f1o de un pastor australiano en otro estado ha sido acusado en relaci\u00f3n con una mordedura de perro. El perro presuntamente mordi\u00f3 a una ni\u00f1a de 8 a\u00f1os al bajar del autob\u00fas escolar. \n\n\t\t\t\t\t\t\t\t<\/div>\n\t\t\t\t<\/div>\n\t\t\t\t<div class=\"elementor-element elementor-element-b3c8c34 elementor-widget elementor-widget-text-editor\" data-id=\"b3c8c34\" data-element_type=\"widget\" data-e-type=\"widget\" data-widget_type=\"text-editor.default\">\n\t\t\t\t<div class=\"elementor-widget-container\">\n\t\t\t\t\t\t\t\t\t<p>La due\u00f1a del perro enfrenta varios cargos, entre ellos albergar a un perro peligroso, infringir la licencia canina y confinamiento de perros. La <a href=\"https:\/\/eliasik-law.com\/es\/mordeduras-de-perro-que-involucran-a-ninos\/\" target=\"_blank\" rel=\"noopener noreferrer\">mordedura del perro que afect\u00f3 al ni\u00f1o<\/a> ocurri\u00f3 a principios de mayo. Seg\u00fan informes, el perro huy\u00f3 tras el ataque.  <\/p>\t\t\t\t\t\t\t\t<\/div>\n\t\t\t\t<\/div>\n\t\t\t\t<div class=\"elementor-element elementor-element-4f7db01 elementor-widget elementor-widget-text-editor\" data-id=\"4f7db01\" data-element_type=\"widget\" data-e-type=\"widget\" data-widget_type=\"text-editor.default\">\n\t\t\t\t<div class=\"elementor-widget-container\">\n\t\t\t\t\t\t\t\t\tLa due\u00f1a admiti\u00f3 que su perro, Kaleesi, se escap\u00f3 con la correa y mordi\u00f3 a un ni\u00f1o. Sin embargo, sostiene que el perro est\u00e1 domesticado y entrenado. Dijo que a\u00fan no ha recibido las citaciones, pero que si la declaran culpable, podr\u00eda mudarse fuera del estado.  \n\n\t\t\t\t\t\t\t\t<\/div>\n\t\t\t\t<\/div>\n\t\t\t\t<div class=\"elementor-element elementor-element-98f51fc elementor-widget elementor-widget-text-editor\" data-id=\"98f51fc\" data-element_type=\"widget\" data-e-type=\"widget\" data-widget_type=\"text-editor.default\">\n\t\t\t\t<div class=\"elementor-widget-container\">\n\t\t\t\t\t\t\t\t\tEl padre de la ni\u00f1a dijo que fue una mordedura bastante buena. Busc\u00f3 atenci\u00f3n m\u00e9dica para su hija. No se inform\u00f3 exactamente d\u00f3nde fue mordida ni c\u00f3mo se encuentra. Tampoco se sabe si el perro ten\u00eda sus vacunas al d\u00eda.   \n\n\t\t\t\t\t\t\t\t<\/div>\n\t\t\t\t<\/div>\n\t\t\t\t<div class=\"elementor-element elementor-element-f9a693a elementor-widget elementor-widget-text-editor\" data-id=\"f9a693a\" data-element_type=\"widget\" data-e-type=\"widget\" data-widget_type=\"text-editor.default\">\n\t\t\t\t<div class=\"elementor-widget-container\">\n\t\t\t\t\t\t\t\t\tLas mordeduras de perro pueden ser graves o incluso mortales. Muchas veces, la v\u00edctima culpa al perro del ataque en lugar de al due\u00f1o por no controlarlo. Los ni\u00f1os son especialmente susceptibles a las lesiones por mordedura de perro, ya que el animal puede no sentirse c\u00f3modo con las acciones de un ni\u00f1o o con que este se acerque demasiado.  \n\n\t\t\t\t\t\t\t\t<\/div>\n\t\t\t\t<\/div>\n\t\t\t\t<div class=\"elementor-element elementor-element-fd9a6ce elementor-widget elementor-widget-text-editor\" data-id=\"fd9a6ce\" data-element_type=\"widget\" data-e-type=\"widget\" data-widget_type=\"text-editor.default\">\n\t\t\t\t<div class=\"elementor-widget-container\">\n\t\t\t\t\t\t\t\t\t<p>Las personas lesionadas por mordeduras de perro tienen derecho a reclamar una indemnizaci\u00f3n por sus lesiones y gastos. Las demandas civiles pueden incluir da\u00f1os morales, gastos m\u00e9dicos, cicatrices y desfiguraci\u00f3n, trauma emocional y otros da\u00f1os. Un <a href=\"https:\/\/eliasik-law.com\/es\/abogado-de-lesiones-personales-en-chicago\/\">abogado con experiencia en lesiones personales<\/a> en Illinois puede brindarle orientaci\u00f3n y asesoramiento sobre c\u00f3mo proceder en un caso de este tipo.  <\/p>\t\t\t\t\t\t\t\t<\/div>\n\t\t\t\t<\/div>\n\t\t\t\t<div class=\"elementor-element elementor-element-ed62ce7 elementor-widget elementor-widget-text-editor\" data-id=\"ed62ce7\" data-element_type=\"widget\" data-e-type=\"widget\" data-widget_type=\"text-editor.default\">\n\t\t\t\t<div class=\"elementor-widget-container\">\n\t\t\t\t\t\t\t\t\t<div class=\"blog-cat\"><div class=\"entry-meta\"><div class=\"entry-content\"><div class=\"blog-cat\"><div class=\"entry-meta\"><div class=\"blog-cat\"><div class=\"entry-meta\"><div class=\"entry-content\"><div class=\"entry-content\"><p><b>Fuente:<\/b> abc27.com, \u201cLa polic\u00eda acusa al due\u00f1o tras la mordedura de un perro por parte de un ni\u00f1o\u201d Dan Carrigan, 29 de mayo de 2014<\/p><\/div><\/div><\/div><\/div><\/div><\/div><\/div><\/div><\/div>\t\t\t\t\t\t\t\t<\/div>\n\t\t\t\t<\/div>\n\t\t\t\t<div class=\"elementor-element elementor-element-734073b elementor-widget elementor-widget-text-editor\" data-id=\"734073b\" data-element_type=\"widget\" data-e-type=\"widget\" data-widget_type=\"text-editor.default\">\n\t\t\t\t<div class=\"elementor-widget-container\">\n\t\t\t\t\t\t\t\t\t<div class=\"blog-cat\"><div class=\"entry-meta\"><div class=\"entry-content\"><div class=\"blog-cat\"><div class=\"entry-meta\"><div class=\"blog-cat\"><div class=\"entry-meta\"><div class=\"blog-cat\"><div class=\"entry-meta\"><div class=\"blog-cat\"><div class=\"entry-meta\"><div class=\"blog-cat\"><div class=\"entry-meta\">Categor\u00edas: <span class=\"cat-links\"><a href=\"https:\/\/eliasik-law.com\/es\/category\/lesiones-a-ninos\/\" rel=\"category tag\">Lesiones en ni\u00f1os<\/a><\/span><\/div><\/div><\/div><\/div><\/div><\/div><\/div><\/div><\/div><\/div><\/div><\/div><\/div>\t\t\t\t\t\t\t\t<\/div>\n\t\t\t\t<\/div>\n\t\t\t\t<div class=\"elementor-element elementor-element-4bc79de elementor-widget elementor-widget-text-editor\" data-id=\"4bc79de\" data-element_type=\"widget\" data-e-type=\"widget\" data-widget_type=\"text-editor.default\">\n\t\t\t\t<div class=\"elementor-widget-container\">\n\t\t\t\t\t\t\t\t\t<p>Compartir en:[addtoany]<\/p>\t\t\t\t\t\t\t\t<\/div>\n\t\t\t\t<\/div>\n\t\t\t\t<div class=\"elementor-element elementor-element-a3132f7 elementor-widget elementor-widget-text-editor\" data-id=\"a3132f7\" data-element_type=\"widget\" data-e-type=\"widget\" data-widget_type=\"text-editor.default\">\n\t\t\t\t<div class=\"elementor-widget-container\">\n\t\t\t\t\t\t\t\t\t<footer class=\"entry-meta\"><footer class=\"entry-meta\"><footer class=\"entry-meta\"><span class=\"tag-title\">Etiquetas:<\/span> <span class=\"tag-links\"><a href=\"https:\/\/eliasik-law.com\/es\/tag\/compensacion\/\" rel=\"tag\">compensaci\u00f3n,<\/a> <a href=\"https:\/\/eliasik-law.com\/es\/tag\/desfiguracion\/\" rel=\"tag\">desfiguraci\u00f3n,<\/a> <a href=\"https:\/\/eliasik-law.com\/es\/tag\/mordedura-de-perro\/\" rel=\"tag\">mordedura de perro,<\/a> <a href=\"https:\/\/eliasik-law.com\/es\/tag\/gastos-medicos\/\" rel=\"tag\">gastos m\u00e9dicos,<\/a> <a href=\"https:\/\/eliasik-law.com\/es\/tag\/dolor-y-sufrimiento\/\" rel=\"tag\">dolor y sufrimiento,<\/a> <a href=\"https:\/\/eliasik-law.com\/es\/tag\/lesiones-personales\/\" rel=\"tag\">lesiones personales<\/a><\/span><\/footer><div class=\"blog-rel\"> <\/div><\/footer><div class=\"blog-rel\"> <\/div><\/footer>\t\t\t\t\t\t\t\t<\/div>\n\t\t\t\t<\/div>\n\t\t\t\t<\/div>\n\t\t\t\t\t<\/div>\n\t\t\t\t<\/div>\n\t\t\t\t<\/div>\n\t\t","protected":false},"excerpt":{"rendered":"<p>El due\u00f1o de un pastor australiano en otro estado ha sido acusado en relaci\u00f3n con una mordedura de perro. El perro presuntamente mordi\u00f3 a una ni\u00f1a de 8 a\u00f1os al bajar del autob\u00fas escolar. La due\u00f1a del perro enfrenta varios cargos, entre ellos albergar a un perro peligroso, infringir la licencia canina y confinamiento de [&hellip;]<\/p>\n","protected":false},"author":2,"featured_media":5024,"comment_status":"closed","ping_status":"open","sticky":false,"template":"elementor_header_footer","format":"standard","meta":{"footnotes":""},"categories":[84],"tags":[83,95,89,91,88,80],"class_list":["post-5638","post","type-post","status-publish","format-standard","has-post-thumbnail","hentry","category-lesiones-a-ninos","tag-compensacion","tag-desfiguracion","tag-dolor-y-sufrimiento","tag-gastos-medicos","tag-lesiones-personales","tag-mordedura-de-perro"],"yoast_head":"<!-- This site is optimized with the Yoast SEO plugin v27.4 - https:\/\/yoast.com\/product\/yoast-seo-wordpress\/ -->\n<title>Mordedura de perro que involucra a un ni\u00f1o resulta en cargos contra su due\u00f1o | Bufete de abogados de John S. Eliasik<\/title>\n<meta name=\"description\" content=\"El due\u00f1o de un pastor australiano en otro estado ha sido acusado en relaci\u00f3n con una mordedura de perro. El perro... Lesiones a ni\u00f1os.\" \/>\n<meta name=\"robots\" content=\"index, follow, max-snippet:-1, max-image-preview:large, max-video-preview:-1\" \/>\n<link rel=\"canonical\" href=\"https:\/\/eliasik-law.com\/es\/mordedura-de-perro-que-involucra-a-un-nino-da-lugar-a-cargos-para-el-dueno\/\" \/>\n<meta property=\"og:locale\" content=\"es_ES\" \/>\n<meta property=\"og:type\" content=\"article\" \/>\n<meta property=\"og:title\" content=\"Mordedura de perro que involucra a un ni\u00f1o resulta en cargos contra su due\u00f1o | Bufete de abogados de John S. Eliasik\" \/>\n<meta property=\"og:description\" content=\"El due\u00f1o de un pastor australiano en otro estado ha sido acusado en relaci\u00f3n con una mordedura de perro. El perro... Lesiones a ni\u00f1os.\" \/>\n<meta property=\"og:url\" content=\"https:\/\/eliasik-law.com\/es\/mordedura-de-perro-que-involucra-a-un-nino-da-lugar-a-cargos-para-el-dueno\/\" \/>\n<meta property=\"og:site_name\" content=\"Ley de Eliasik\" \/>\n<meta property=\"article:published_time\" content=\"2014-06-01T12:02:08+00:00\" \/>\n<meta property=\"article:modified_time\" content=\"2025-09-05T16:53:31+00:00\" \/>\n<meta property=\"og:image\" content=\"https:\/\/eliasik-law.com\/wp-content\/uploads\/2014\/06\/dog-bite-child.jpg\" \/>\n\t<meta property=\"og:image:width\" content=\"1920\" \/>\n\t<meta property=\"og:image:height\" content=\"1280\" \/>\n\t<meta property=\"og:image:type\" content=\"image\/jpeg\" \/>\n<meta name=\"author\" content=\"SetMySite Development Team\" \/>\n<meta name=\"twitter:label1\" content=\"Escrito por\" \/>\n\t<meta name=\"twitter:data1\" content=\"SetMySite Development Team\" \/>\n\t<meta name=\"twitter:label2\" content=\"Tiempo de lectura\" \/>\n\t<meta name=\"twitter:data2\" content=\"2 minutos\" \/>\n<script type=\"application\/ld+json\" class=\"yoast-schema-graph\">{\"@context\":\"https:\\\/\\\/schema.org\",\"@graph\":[{\"@type\":\"Article\",\"@id\":\"https:\\\/\\\/eliasik-law.com\\\/es\\\/mordedura-de-perro-que-involucra-a-un-nino-da-lugar-a-cargos-para-el-dueno\\\/#article\",\"isPartOf\":{\"@id\":\"https:\\\/\\\/eliasik-law.com\\\/es\\\/mordedura-de-perro-que-involucra-a-un-nino-da-lugar-a-cargos-para-el-dueno\\\/\"},\"author\":{\"name\":\"SetMySite Development Team\",\"@id\":\"https:\\\/\\\/eliasik-law.com\\\/es\\\/#\\\/schema\\\/person\\\/0e1f00c80fafb54acac392c2790f8d7b\"},\"headline\":\"Mordedura de perro que involucra a un ni\u00f1o da lugar a cargos para el due\u00f1o\",\"datePublished\":\"2014-06-01T12:02:08+00:00\",\"dateModified\":\"2025-09-05T16:53:31+00:00\",\"mainEntityOfPage\":{\"@id\":\"https:\\\/\\\/eliasik-law.com\\\/es\\\/mordedura-de-perro-que-involucra-a-un-nino-da-lugar-a-cargos-para-el-dueno\\\/\"},\"wordCount\":380,\"publisher\":{\"@id\":\"https:\\\/\\\/eliasik-law.com\\\/es\\\/#organization\"},\"image\":{\"@id\":\"https:\\\/\\\/eliasik-law.com\\\/es\\\/mordedura-de-perro-que-involucra-a-un-nino-da-lugar-a-cargos-para-el-dueno\\\/#primaryimage\"},\"thumbnailUrl\":\"https:\\\/\\\/eliasik-law.com\\\/wp-content\\\/uploads\\\/2014\\\/06\\\/dog-bite-child.jpg\",\"keywords\":[\"compensaci\u00f3n\",\"desfiguraci\u00f3n\",\"dolor y sufrimiento\",\"gastos m\u00e9dicos\",\"lesiones personales\",\"mordedura de perro\"],\"articleSection\":[\"Lesiones a ni\u00f1os\"],\"inLanguage\":\"es\"},{\"@type\":\"WebPage\",\"@id\":\"https:\\\/\\\/eliasik-law.com\\\/es\\\/mordedura-de-perro-que-involucra-a-un-nino-da-lugar-a-cargos-para-el-dueno\\\/\",\"url\":\"https:\\\/\\\/eliasik-law.com\\\/es\\\/mordedura-de-perro-que-involucra-a-un-nino-da-lugar-a-cargos-para-el-dueno\\\/\",\"name\":\"Mordedura de perro que involucra a un ni\u00f1o resulta en cargos contra su due\u00f1o | Bufete de abogados de John S. Eliasik\",\"isPartOf\":{\"@id\":\"https:\\\/\\\/eliasik-law.com\\\/es\\\/#website\"},\"primaryImageOfPage\":{\"@id\":\"https:\\\/\\\/eliasik-law.com\\\/es\\\/mordedura-de-perro-que-involucra-a-un-nino-da-lugar-a-cargos-para-el-dueno\\\/#primaryimage\"},\"image\":{\"@id\":\"https:\\\/\\\/eliasik-law.com\\\/es\\\/mordedura-de-perro-que-involucra-a-un-nino-da-lugar-a-cargos-para-el-dueno\\\/#primaryimage\"},\"thumbnailUrl\":\"https:\\\/\\\/eliasik-law.com\\\/wp-content\\\/uploads\\\/2014\\\/06\\\/dog-bite-child.jpg\",\"datePublished\":\"2014-06-01T12:02:08+00:00\",\"dateModified\":\"2025-09-05T16:53:31+00:00\",\"description\":\"El due\u00f1o de un pastor australiano en otro estado ha sido acusado en relaci\u00f3n con una mordedura de perro. El perro... Lesiones a ni\u00f1os.\",\"inLanguage\":\"es\",\"potentialAction\":[{\"@type\":\"ReadAction\",\"target\":[\"https:\\\/\\\/eliasik-law.com\\\/es\\\/mordedura-de-perro-que-involucra-a-un-nino-da-lugar-a-cargos-para-el-dueno\\\/\"]}]},{\"@type\":\"ImageObject\",\"inLanguage\":\"es\",\"@id\":\"https:\\\/\\\/eliasik-law.com\\\/es\\\/mordedura-de-perro-que-involucra-a-un-nino-da-lugar-a-cargos-para-el-dueno\\\/#primaryimage\",\"url\":\"https:\\\/\\\/eliasik-law.com\\\/wp-content\\\/uploads\\\/2014\\\/06\\\/dog-bite-child.jpg\",\"contentUrl\":\"https:\\\/\\\/eliasik-law.com\\\/wp-content\\\/uploads\\\/2014\\\/06\\\/dog-bite-child.jpg\",\"width\":1920,\"height\":1280,\"caption\":\"A Shiba Inu on a pink leash stands on grass, looking at a child, who is turned away, in a park with trees in the background.\"},{\"@type\":\"WebSite\",\"@id\":\"https:\\\/\\\/eliasik-law.com\\\/es\\\/#website\",\"url\":\"https:\\\/\\\/eliasik-law.com\\\/es\\\/\",\"name\":\"Ley de Eliasik\",\"description\":\"Abogados de lesiones personales en Chicago\",\"publisher\":{\"@id\":\"https:\\\/\\\/eliasik-law.com\\\/es\\\/#organization\"},\"potentialAction\":[{\"@type\":\"SearchAction\",\"target\":{\"@type\":\"EntryPoint\",\"urlTemplate\":\"https:\\\/\\\/eliasik-law.com\\\/es\\\/?s={search_term_string}\"},\"query-input\":{\"@type\":\"PropertyValueSpecification\",\"valueRequired\":true,\"valueName\":\"search_term_string\"}}],\"inLanguage\":\"es\"},{\"@type\":\"Organization\",\"@id\":\"https:\\\/\\\/eliasik-law.com\\\/es\\\/#organization\",\"name\":\"Las Oficinas Legales de John S. Eliasik\",\"url\":\"https:\\\/\\\/eliasik-law.com\\\/es\\\/\",\"logo\":{\"@type\":\"ImageObject\",\"inLanguage\":\"es\",\"@id\":\"https:\\\/\\\/eliasik-law.com\\\/es\\\/#\\\/schema\\\/logo\\\/image\\\/\",\"url\":\"https:\\\/\\\/eliasik-law.com\\\/wp-content\\\/uploads\\\/2023\\\/07\\\/eliasik-law-logo-2-e1679440521344-min.gif\",\"contentUrl\":\"https:\\\/\\\/eliasik-law.com\\\/wp-content\\\/uploads\\\/2023\\\/07\\\/eliasik-law-logo-2-e1679440521344-min.gif\",\"width\":550,\"height\":102,\"caption\":\"Las Oficinas Legales de John S. Eliasik\"},\"image\":{\"@id\":\"https:\\\/\\\/eliasik-law.com\\\/es\\\/#\\\/schema\\\/logo\\\/image\\\/\"}},{\"@type\":\"Person\",\"@id\":\"https:\\\/\\\/eliasik-law.com\\\/es\\\/#\\\/schema\\\/person\\\/0e1f00c80fafb54acac392c2790f8d7b\",\"name\":\"SetMySite Development Team\",\"image\":{\"@type\":\"ImageObject\",\"inLanguage\":\"es\",\"@id\":\"https:\\\/\\\/secure.gravatar.com\\\/avatar\\\/d66977c79a2aae348f70434080d629fe64c25fbd9fe774d8c09f73781bc9a13b?s=96&d=mm&r=g\",\"url\":\"https:\\\/\\\/secure.gravatar.com\\\/avatar\\\/d66977c79a2aae348f70434080d629fe64c25fbd9fe774d8c09f73781bc9a13b?s=96&d=mm&r=g\",\"contentUrl\":\"https:\\\/\\\/secure.gravatar.com\\\/avatar\\\/d66977c79a2aae348f70434080d629fe64c25fbd9fe774d8c09f73781bc9a13b?s=96&d=mm&r=g\",\"caption\":\"SetMySite Development Team\"},\"url\":\"https:\\\/\\\/eliasik-law.com\\\/es\\\/author\\\/devteam\\\/\"}]}<\/script>\n<!-- \/ Yoast SEO plugin. -->","yoast_head_json":{"title":"Mordedura de perro que involucra a un ni\u00f1o resulta en cargos contra su due\u00f1o | Bufete de abogados de John S. Eliasik","description":"El due\u00f1o de un pastor australiano en otro estado ha sido acusado en relaci\u00f3n con una mordedura de perro. El perro... Lesiones a ni\u00f1os.","robots":{"index":"index","follow":"follow","max-snippet":"max-snippet:-1","max-image-preview":"max-image-preview:large","max-video-preview":"max-video-preview:-1"},"canonical":"https:\/\/eliasik-law.com\/es\/mordedura-de-perro-que-involucra-a-un-nino-da-lugar-a-cargos-para-el-dueno\/","og_locale":"es_ES","og_type":"article","og_title":"Mordedura de perro que involucra a un ni\u00f1o resulta en cargos contra su due\u00f1o | Bufete de abogados de John S. Eliasik","og_description":"El due\u00f1o de un pastor australiano en otro estado ha sido acusado en relaci\u00f3n con una mordedura de perro. El perro... Lesiones a ni\u00f1os.","og_url":"https:\/\/eliasik-law.com\/es\/mordedura-de-perro-que-involucra-a-un-nino-da-lugar-a-cargos-para-el-dueno\/","og_site_name":"Ley de Eliasik","article_published_time":"2014-06-01T12:02:08+00:00","article_modified_time":"2025-09-05T16:53:31+00:00","og_image":[{"width":1920,"height":1280,"url":"https:\/\/eliasik-law.com\/wp-content\/uploads\/2014\/06\/dog-bite-child.jpg","type":"image\/jpeg"}],"author":"SetMySite Development Team","twitter_misc":{"Escrito por":"SetMySite Development Team","Tiempo de lectura":"2 minutos"},"schema":{"@context":"https:\/\/schema.org","@graph":[{"@type":"Article","@id":"https:\/\/eliasik-law.com\/es\/mordedura-de-perro-que-involucra-a-un-nino-da-lugar-a-cargos-para-el-dueno\/#article","isPartOf":{"@id":"https:\/\/eliasik-law.com\/es\/mordedura-de-perro-que-involucra-a-un-nino-da-lugar-a-cargos-para-el-dueno\/"},"author":{"name":"SetMySite Development Team","@id":"https:\/\/eliasik-law.com\/es\/#\/schema\/person\/0e1f00c80fafb54acac392c2790f8d7b"},"headline":"Mordedura de perro que involucra a un ni\u00f1o da lugar a cargos para el due\u00f1o","datePublished":"2014-06-01T12:02:08+00:00","dateModified":"2025-09-05T16:53:31+00:00","mainEntityOfPage":{"@id":"https:\/\/eliasik-law.com\/es\/mordedura-de-perro-que-involucra-a-un-nino-da-lugar-a-cargos-para-el-dueno\/"},"wordCount":380,"publisher":{"@id":"https:\/\/eliasik-law.com\/es\/#organization"},"image":{"@id":"https:\/\/eliasik-law.com\/es\/mordedura-de-perro-que-involucra-a-un-nino-da-lugar-a-cargos-para-el-dueno\/#primaryimage"},"thumbnailUrl":"https:\/\/eliasik-law.com\/wp-content\/uploads\/2014\/06\/dog-bite-child.jpg","keywords":["compensaci\u00f3n","desfiguraci\u00f3n","dolor y sufrimiento","gastos m\u00e9dicos","lesiones personales","mordedura de perro"],"articleSection":["Lesiones a ni\u00f1os"],"inLanguage":"es"},{"@type":"WebPage","@id":"https:\/\/eliasik-law.com\/es\/mordedura-de-perro-que-involucra-a-un-nino-da-lugar-a-cargos-para-el-dueno\/","url":"https:\/\/eliasik-law.com\/es\/mordedura-de-perro-que-involucra-a-un-nino-da-lugar-a-cargos-para-el-dueno\/","name":"Mordedura de perro que involucra a un ni\u00f1o resulta en cargos contra su due\u00f1o | Bufete de abogados de John S. Eliasik","isPartOf":{"@id":"https:\/\/eliasik-law.com\/es\/#website"},"primaryImageOfPage":{"@id":"https:\/\/eliasik-law.com\/es\/mordedura-de-perro-que-involucra-a-un-nino-da-lugar-a-cargos-para-el-dueno\/#primaryimage"},"image":{"@id":"https:\/\/eliasik-law.com\/es\/mordedura-de-perro-que-involucra-a-un-nino-da-lugar-a-cargos-para-el-dueno\/#primaryimage"},"thumbnailUrl":"https:\/\/eliasik-law.com\/wp-content\/uploads\/2014\/06\/dog-bite-child.jpg","datePublished":"2014-06-01T12:02:08+00:00","dateModified":"2025-09-05T16:53:31+00:00","description":"El due\u00f1o de un pastor australiano en otro estado ha sido acusado en relaci\u00f3n con una mordedura de perro. El perro... Lesiones a ni\u00f1os.","inLanguage":"es","potentialAction":[{"@type":"ReadAction","target":["https:\/\/eliasik-law.com\/es\/mordedura-de-perro-que-involucra-a-un-nino-da-lugar-a-cargos-para-el-dueno\/"]}]},{"@type":"ImageObject","inLanguage":"es","@id":"https:\/\/eliasik-law.com\/es\/mordedura-de-perro-que-involucra-a-un-nino-da-lugar-a-cargos-para-el-dueno\/#primaryimage","url":"https:\/\/eliasik-law.com\/wp-content\/uploads\/2014\/06\/dog-bite-child.jpg","contentUrl":"https:\/\/eliasik-law.com\/wp-content\/uploads\/2014\/06\/dog-bite-child.jpg","width":1920,"height":1280,"caption":"A Shiba Inu on a pink leash stands on grass, looking at a child, who is turned away, in a park with trees in the background."},{"@type":"WebSite","@id":"https:\/\/eliasik-law.com\/es\/#website","url":"https:\/\/eliasik-law.com\/es\/","name":"Ley de Eliasik","description":"Abogados de lesiones personales en Chicago","publisher":{"@id":"https:\/\/eliasik-law.com\/es\/#organization"},"potentialAction":[{"@type":"SearchAction","target":{"@type":"EntryPoint","urlTemplate":"https:\/\/eliasik-law.com\/es\/?s={search_term_string}"},"query-input":{"@type":"PropertyValueSpecification","valueRequired":true,"valueName":"search_term_string"}}],"inLanguage":"es"},{"@type":"Organization","@id":"https:\/\/eliasik-law.com\/es\/#organization","name":"Las Oficinas Legales de John S. Eliasik","url":"https:\/\/eliasik-law.com\/es\/","logo":{"@type":"ImageObject","inLanguage":"es","@id":"https:\/\/eliasik-law.com\/es\/#\/schema\/logo\/image\/","url":"https:\/\/eliasik-law.com\/wp-content\/uploads\/2023\/07\/eliasik-law-logo-2-e1679440521344-min.gif","contentUrl":"https:\/\/eliasik-law.com\/wp-content\/uploads\/2023\/07\/eliasik-law-logo-2-e1679440521344-min.gif","width":550,"height":102,"caption":"Las Oficinas Legales de John S. Eliasik"},"image":{"@id":"https:\/\/eliasik-law.com\/es\/#\/schema\/logo\/image\/"}},{"@type":"Person","@id":"https:\/\/eliasik-law.com\/es\/#\/schema\/person\/0e1f00c80fafb54acac392c2790f8d7b","name":"SetMySite Development Team","image":{"@type":"ImageObject","inLanguage":"es","@id":"https:\/\/secure.gravatar.com\/avatar\/d66977c79a2aae348f70434080d629fe64c25fbd9fe774d8c09f73781bc9a13b?s=96&d=mm&r=g","url":"https:\/\/secure.gravatar.com\/avatar\/d66977c79a2aae348f70434080d629fe64c25fbd9fe774d8c09f73781bc9a13b?s=96&d=mm&r=g","contentUrl":"https:\/\/secure.gravatar.com\/avatar\/d66977c79a2aae348f70434080d629fe64c25fbd9fe774d8c09f73781bc9a13b?s=96&d=mm&r=g","caption":"SetMySite Development Team"},"url":"https:\/\/eliasik-law.com\/es\/author\/devteam\/"}]}},"jetpack_featured_media_url":"https:\/\/eliasik-law.com\/wp-content\/uploads\/2014\/06\/dog-bite-child.jpg","_links":{"self":[{"href":"https:\/\/eliasik-law.com\/es\/wp-json\/wp\/v2\/posts\/5638","targetHints":{"allow":["GET"]}}],"collection":[{"href":"https:\/\/eliasik-law.com\/es\/wp-json\/wp\/v2\/posts"}],"about":[{"href":"https:\/\/eliasik-law.com\/es\/wp-json\/wp\/v2\/types\/post"}],"author":[{"embeddable":true,"href":"https:\/\/eliasik-law.com\/es\/wp-json\/wp\/v2\/users\/2"}],"replies":[{"embeddable":true,"href":"https:\/\/eliasik-law.com\/es\/wp-json\/wp\/v2\/comments?post=5638"}],"version-history":[{"count":1,"href":"https:\/\/eliasik-law.com\/es\/wp-json\/wp\/v2\/posts\/5638\/revisions"}],"predecessor-version":[{"id":5641,"href":"https:\/\/eliasik-law.com\/es\/wp-json\/wp\/v2\/posts\/5638\/revisions\/5641"}],"wp:featuredmedia":[{"embeddable":true,"href":"https:\/\/eliasik-law.com\/es\/wp-json\/wp\/v2\/media\/5024"}],"wp:attachment":[{"href":"https:\/\/eliasik-law.com\/es\/wp-json\/wp\/v2\/media?parent=5638"}],"wp:term":[{"taxonomy":"category","embeddable":true,"href":"https:\/\/eliasik-law.com\/es\/wp-json\/wp\/v2\/categories?post=5638"},{"taxonomy":"post_tag","embeddable":true,"href":"https:\/\/eliasik-law.com\/es\/wp-json\/wp\/v2\/tags?post=5638"}],"curies":[{"name":"wp","href":"https:\/\/api.w.org\/{rel}","templated":true}]}}