{"id":5663,"date":"2014-06-21T12:20:16","date_gmt":"2014-06-21T19:20:16","guid":{"rendered":"https:\/\/eliasik-law.com\/mujer-de-illinois-sentenciada-a-prision-por-ataque-de-perro\/"},"modified":"2025-09-05T09:53:43","modified_gmt":"2025-09-05T16:53:43","slug":"mujer-de-illinois-sentenciada-a-prision-por-ataque-de-perro","status":"publish","type":"post","link":"https:\/\/eliasik-law.com\/es\/mujer-de-illinois-sentenciada-a-prision-por-ataque-de-perro\/","title":{"rendered":"Mujer de Illinois sentenciada a prisi\u00f3n por ataque de perro"},"content":{"rendered":"\t\t<div data-elementor-type=\"wp-post\" data-elementor-id=\"5663\" class=\"elementor elementor-5663 elementor-2916\" data-elementor-post-type=\"post\">\n\t\t\t\t<div class=\"elementor-element elementor-element-b05a12a e-flex e-con-boxed e-con e-parent\" data-id=\"b05a12a\" data-element_type=\"container\" data-e-type=\"container\">\n\t\t\t\t\t<div class=\"e-con-inner\">\n\t\t<div class=\"elementor-element elementor-element-d9aa5b7 e-con-full e-flex e-con e-child\" data-id=\"d9aa5b7\" data-element_type=\"container\" data-e-type=\"container\">\n\t\t<div class=\"elementor-element elementor-element-d83e10b e-con-full e-flex e-con e-child\" data-id=\"d83e10b\" data-element_type=\"container\" data-e-type=\"container\">\n\t\t\t\t<div class=\"elementor-element elementor-element-3205882 elementor-widget elementor-widget-theme-post-title elementor-page-title elementor-widget-heading\" data-id=\"3205882\" data-element_type=\"widget\" data-e-type=\"widget\" data-widget_type=\"theme-post-title.default\">\n\t\t\t\t<div class=\"elementor-widget-container\">\n\t\t\t\t\t<h1 class=\"elementor-heading-title elementor-size-default\">Mujer de Illinois sentenciada a prisi\u00f3n por ataque de perro<\/h1>\t\t\t\t<\/div>\n\t\t\t\t<\/div>\n\t\t\t\t<div class=\"elementor-element elementor-element-5b26303 elementor-widget elementor-widget-theme-post-featured-image elementor-widget-image\" data-id=\"5b26303\" data-element_type=\"widget\" data-e-type=\"widget\" data-widget_type=\"theme-post-featured-image.default\">\n\t\t\t\t<div class=\"elementor-widget-container\">\n\t\t\t\t\t\t\t\t\t\t\t\t\t\t\t<img fetchpriority=\"high\" decoding=\"async\" width=\"1920\" height=\"1282\" src=\"https:\/\/eliasik-law.com\/wp-content\/uploads\/2014\/06\/dog-attack-bite.jpg\" class=\"attachment-full size-full wp-image-5030\" alt=\"A brown dog stands on a dirt path with trees and greenery in the background.\" srcset=\"https:\/\/eliasik-law.com\/wp-content\/uploads\/2014\/06\/dog-attack-bite.jpg 1920w, https:\/\/eliasik-law.com\/wp-content\/uploads\/2014\/06\/dog-attack-bite-300x200.jpg 300w, https:\/\/eliasik-law.com\/wp-content\/uploads\/2014\/06\/dog-attack-bite-1024x684.jpg 1024w, https:\/\/eliasik-law.com\/wp-content\/uploads\/2014\/06\/dog-attack-bite-768x513.jpg 768w, https:\/\/eliasik-law.com\/wp-content\/uploads\/2014\/06\/dog-attack-bite-1536x1026.jpg 1536w\" sizes=\"(max-width: 1920px) 100vw, 1920px\" \/>\t\t\t\t\t\t\t\t\t\t\t\t\t\t\t<\/div>\n\t\t\t\t<\/div>\n\t\t\t\t<div class=\"elementor-element elementor-element-3986451 elementor-align-center elementor-widget elementor-widget-post-info\" data-id=\"3986451\" data-element_type=\"widget\" data-e-type=\"widget\" data-widget_type=\"post-info.default\">\n\t\t\t\t<div class=\"elementor-widget-container\">\n\t\t\t\t\t\t\t<ul class=\"elementor-inline-items elementor-icon-list-items elementor-post-info\">\n\t\t\t\t\t\t\t\t<li class=\"elementor-icon-list-item elementor-repeater-item-1044bf9 elementor-inline-item\" itemprop=\"datePublished\">\n\t\t\t\t\t\t<a href=\"https:\/\/eliasik-law.com\/es\/2014\/06\/21\/\">\n\t\t\t\t\t\t\t\t\t\t\t<span class=\"elementor-icon-list-icon\">\n\t\t\t\t\t\t\t\t<i aria-hidden=\"true\" class=\"fas fa-calendar\"><\/i>\t\t\t\t\t\t\t<\/span>\n\t\t\t\t\t\t\t\t\t<span class=\"elementor-icon-list-text elementor-post-info__item elementor-post-info__item--type-date\">\n\t\t\t\t\t\t\t\t\t\t<time>junio 21, 2014<\/time>\t\t\t\t\t<\/span>\n\t\t\t\t\t\t\t\t\t<\/a>\n\t\t\t\t<\/li>\n\t\t\t\t<\/ul>\n\t\t\t\t\t\t<\/div>\n\t\t\t\t<\/div>\n\t\t\t\t<\/div>\n\t\t\t\t<\/div>\n\t\t<div class=\"elementor-element elementor-element-381c8a9 e-con-full JE-postContent e-flex e-con e-child\" data-id=\"381c8a9\" data-element_type=\"container\" data-e-type=\"container\" data-settings=\"{&quot;background_background&quot;:&quot;classic&quot;}\">\n\t\t\t\t<div class=\"elementor-element elementor-element-a051382 elementor-widget elementor-widget-text-editor\" data-id=\"a051382\" data-element_type=\"widget\" data-e-type=\"widget\" data-widget_type=\"text-editor.default\">\n\t\t\t\t<div class=\"elementor-widget-container\">\n\t\t\t\t\t\t\t\t\tUna mujer de Illinois fue sentenciada a prisi\u00f3n el 6 de junio tras declararse culpable de un cargo de conducta imprudente despu\u00e9s de que sus perros, una mezcla de pitbull, atacaran a un ni\u00f1o de 5 a\u00f1os. Deber\u00e1 pasar los pr\u00f3ximos 30 fines de semana en prisi\u00f3n. \n\n\t\t\t\t\t\t\t\t<\/div>\n\t\t\t\t<\/div>\n\t\t\t\t<div class=\"elementor-element elementor-element-b3c8c34 elementor-widget elementor-widget-text-editor\" data-id=\"b3c8c34\" data-element_type=\"widget\" data-e-type=\"widget\" data-widget_type=\"text-editor.default\">\n\t\t\t\t<div class=\"elementor-widget-container\">\n\t\t\t\t\t\t\t\t\tSeg\u00fan el informe, el ataque tuvo lugar en 2010. Las autoridades declararon que la mujer de 49 a\u00f1os supuestamente dej\u00f3 sueltos a sus dos perros pitbull. Atacaron al ni\u00f1o de 5 a\u00f1os mientras jugaba afuera con su hermano. El ni\u00f1o sufri\u00f3 mordeduras en la cara y el cuerpo, lo que le provoc\u00f3 lesiones graves. Cuando la polic\u00eda lleg\u00f3 al lugar, un agente dispar\u00f3 a uno de los perros para rescatarlo. El segundo perro fue posteriormente sacrificado.     \n\n\t\t\t\t\t\t\t\t<\/div>\n\t\t\t\t<\/div>\n\t\t\t\t<div class=\"elementor-element elementor-element-4f7db01 elementor-widget elementor-widget-text-editor\" data-id=\"4f7db01\" data-element_type=\"widget\" data-e-type=\"widget\" data-widget_type=\"text-editor.default\">\n\t\t\t\t<div class=\"elementor-widget-container\">\n\t\t\t\t\t\t\t\t\t<p><a href=\"https:\/\/eliasik-law.com\/es\/mordeduras-de-perro-que-involucran-a-ninos\/\" target=\"_blank\" rel=\"noopener\">Las mordeduras de perro en ni\u00f1os<\/a> pueden causar graves da\u00f1os f\u00edsicos y emocionales. Adem\u00e1s de la posible exposici\u00f3n a la rabia u otras enfermedades infecciosas, una mordedura de perro puede dejar a la persona con cicatrices o desfiguraciones graves que podr\u00edan requerir cirug\u00eda o reconstrucci\u00f3n posterior. En la mayor\u00eda de los casos, el due\u00f1o del perro es responsable de las lesiones que cause, independientemente del lugar del ataque.  <\/p>\t\t\t\t\t\t\t\t<\/div>\n\t\t\t\t<\/div>\n\t\t\t\t<div class=\"elementor-element elementor-element-98f51fc elementor-widget elementor-widget-text-editor\" data-id=\"98f51fc\" data-element_type=\"widget\" data-e-type=\"widget\" data-widget_type=\"text-editor.default\">\n\t\t\t\t<div class=\"elementor-widget-container\">\n\t\t\t\t\t\t\t\t\tUn abogado puede ayudar a su cliente con el proceso de presentar una demanda por lesiones personales contra el due\u00f1o del animal o su compa\u00f1\u00eda de seguros, presentando un caso s\u00f3lido basado en la evidencia disponible. Al presentar este tipo de demanda, los padres del ni\u00f1o lesionado podr\u00edan solicitar una compensaci\u00f3n por los gastos m\u00e9dicos derivados del ataque. \n\n\t\t\t\t\t\t\t\t<\/div>\n\t\t\t\t<\/div>\n\t\t\t\t<div class=\"elementor-element elementor-element-ed62ce7 elementor-widget elementor-widget-text-editor\" data-id=\"ed62ce7\" data-element_type=\"widget\" data-e-type=\"widget\" data-widget_type=\"text-editor.default\">\n\t\t\t\t<div class=\"elementor-widget-container\">\n\t\t\t\t\t\t\t\t\t<div class=\"blog-cat\"><div class=\"entry-meta\"><div class=\"entry-content\"><div class=\"blog-cat\"><div class=\"entry-meta\"><div class=\"blog-cat\"><div class=\"entry-meta\"><div class=\"entry-content\"><div class=\"entry-content\"><div class=\"entry-content\"><div class=\"entry-content\"><div class=\"postContent post-content\"><div class=\"entry-content\"><div class=\"postContent post-content\"><div><p><strong>Fuente:<\/strong> Quad-City Times, \u201cMujer de Illinois condenada a prisi\u00f3n por ataque de perro a ni\u00f1o\u201d, 7 de junio de 2014<\/p><\/div><\/div><\/div><\/div><\/div><\/div><\/div><\/div><\/div><\/div><\/div><\/div><\/div><\/div><\/div>\t\t\t\t\t\t\t\t<\/div>\n\t\t\t\t<\/div>\n\t\t\t\t<div class=\"elementor-element elementor-element-734073b elementor-widget elementor-widget-text-editor\" data-id=\"734073b\" data-element_type=\"widget\" data-e-type=\"widget\" data-widget_type=\"text-editor.default\">\n\t\t\t\t<div class=\"elementor-widget-container\">\n\t\t\t\t\t\t\t\t\t<div class=\"blog-cat\"><div class=\"entry-meta\"><div class=\"entry-content\"><div class=\"blog-cat\"><div class=\"entry-meta\"><div class=\"blog-cat\"><div class=\"entry-meta\"><div class=\"blog-cat\"><div class=\"entry-meta\"><div class=\"blog-cat\"><div class=\"entry-meta\"><div class=\"blog-cat\"><div class=\"entry-meta\"><div class=\"blog-cat\"><div class=\"entry-meta\"><div class=\"blog-cat\"><div class=\"entry-meta\">Categor\u00edas: <span class=\"cat-links\"><a href=\"https:\/\/eliasik-law.com\/es\/category\/lesiones-a-ninos\/\" rel=\"category tag\">Lesiones en ni\u00f1os<\/a><\/span><\/div><\/div><\/div><\/div><\/div><\/div><\/div><\/div><\/div><\/div><\/div><\/div><\/div><\/div><\/div><\/div><\/div>\t\t\t\t\t\t\t\t<\/div>\n\t\t\t\t<\/div>\n\t\t\t\t<div class=\"elementor-element elementor-element-4bc79de elementor-widget elementor-widget-text-editor\" data-id=\"4bc79de\" data-element_type=\"widget\" data-e-type=\"widget\" data-widget_type=\"text-editor.default\">\n\t\t\t\t<div class=\"elementor-widget-container\">\n\t\t\t\t\t\t\t\t\t<p>Compartir en:[addtoany]<\/p>\t\t\t\t\t\t\t\t<\/div>\n\t\t\t\t<\/div>\n\t\t\t\t<div class=\"elementor-element elementor-element-a3132f7 elementor-widget elementor-widget-text-editor\" data-id=\"a3132f7\" data-element_type=\"widget\" data-e-type=\"widget\" data-widget_type=\"text-editor.default\">\n\t\t\t\t<div class=\"elementor-widget-container\">\n\t\t\t\t\t\t\t\t\t<footer class=\"entry-meta\"><footer class=\"entry-meta\"><footer class=\"entry-meta\"><footer class=\"entry-meta\"><footer class=\"entry-meta\"><span class=\"tag-title\">Etiquetas:<\/span> <span class=\"tag-links\"><a href=\"https:\/\/eliasik-law.com\/es\/tag\/compensacion\/\" rel=\"tag\">compensaci\u00f3n,<\/a> <a href=\"https:\/\/eliasik-law.com\/es\/tag\/desfiguracion\/\" rel=\"tag\">desfiguraci\u00f3n,<\/a> <a href=\"https:\/\/eliasik-law.com\/es\/tag\/mordedura-de-perro\/\" rel=\"tag\">mordedura de perro,<\/a> <a href=\"https:\/\/eliasik-law.com\/es\/tag\/lesiones-personales\/\" rel=\"tag\">lesiones personales,<\/a> <a href=\"https:\/\/eliasik-law.com\/es\/tag\/cicatrices\/\" rel=\"tag\">cicatrices<\/a><\/span><\/footer><\/footer><\/footer><\/footer><\/footer>\t\t\t\t\t\t\t\t<\/div>\n\t\t\t\t<\/div>\n\t\t\t\t<\/div>\n\t\t\t\t\t<\/div>\n\t\t\t\t<\/div>\n\t\t\t\t<\/div>\n\t\t","protected":false},"excerpt":{"rendered":"<p>Una mujer de Illinois fue sentenciada a prisi\u00f3n el 6 de junio tras declararse culpable de un cargo de conducta imprudente despu\u00e9s de que sus perros, una mezcla de pitbull, atacaran a un ni\u00f1o de 5 a\u00f1os. Deber\u00e1 pasar los pr\u00f3ximos 30 fines de semana en prisi\u00f3n. Seg\u00fan el informe, el ataque tuvo lugar en [&hellip;]<\/p>\n","protected":false},"author":2,"featured_media":5030,"comment_status":"closed","ping_status":"open","sticky":false,"template":"elementor_header_footer","format":"standard","meta":{"footnotes":""},"categories":[84],"tags":[98,83,95,88,80],"class_list":["post-5663","post","type-post","status-publish","format-standard","has-post-thumbnail","hentry","category-lesiones-a-ninos","tag-cicatrices","tag-compensacion","tag-desfiguracion","tag-lesiones-personales","tag-mordedura-de-perro"],"yoast_head":"<!-- This site is optimized with the Yoast SEO plugin v27.5 - https:\/\/yoast.com\/product\/yoast-seo-wordpress\/ -->\n<title>Mujer de Illinois sentenciada a prisi\u00f3n por ataque de perro | Bufete de abogados de John S. Eliasik<\/title>\n<meta name=\"description\" content=\"Una mujer de Illinois fue sentenciada a prisi\u00f3n el 6 de junio despu\u00e9s de declararse culpable de un cargo de conducta imprudente despu\u00e9s de que su pitbull... Lesiones a ni\u00f1os\" \/>\n<meta name=\"robots\" content=\"index, follow, max-snippet:-1, max-image-preview:large, max-video-preview:-1\" \/>\n<link rel=\"canonical\" href=\"https:\/\/eliasik-law.com\/es\/mujer-de-illinois-sentenciada-a-prision-por-ataque-de-perro\/\" \/>\n<meta property=\"og:locale\" content=\"es_ES\" \/>\n<meta property=\"og:type\" content=\"article\" \/>\n<meta property=\"og:title\" content=\"Mujer de Illinois sentenciada a prisi\u00f3n por ataque de perro | Bufete de abogados de John S. Eliasik\" \/>\n<meta property=\"og:description\" content=\"Una mujer de Illinois fue sentenciada a prisi\u00f3n el 6 de junio despu\u00e9s de declararse culpable de un cargo de conducta imprudente despu\u00e9s de que su pitbull... Lesiones a ni\u00f1os\" \/>\n<meta property=\"og:url\" content=\"https:\/\/eliasik-law.com\/es\/mujer-de-illinois-sentenciada-a-prision-por-ataque-de-perro\/\" \/>\n<meta property=\"og:site_name\" content=\"Ley de Eliasik\" \/>\n<meta property=\"article:published_time\" content=\"2014-06-21T19:20:16+00:00\" \/>\n<meta property=\"article:modified_time\" content=\"2025-09-05T16:53:43+00:00\" \/>\n<meta property=\"og:image\" content=\"https:\/\/eliasik-law.com\/wp-content\/uploads\/2014\/06\/dog-attack-bite.jpg\" \/>\n\t<meta property=\"og:image:width\" content=\"1920\" \/>\n\t<meta property=\"og:image:height\" content=\"1282\" \/>\n\t<meta property=\"og:image:type\" content=\"image\/jpeg\" \/>\n<meta name=\"author\" content=\"SetMySite Development Team\" \/>\n<meta name=\"twitter:label1\" content=\"Escrito por\" \/>\n\t<meta name=\"twitter:data1\" content=\"SetMySite Development Team\" \/>\n\t<meta name=\"twitter:label2\" content=\"Tiempo de lectura\" \/>\n\t<meta name=\"twitter:data2\" content=\"2 minutos\" \/>\n<script type=\"application\/ld+json\" class=\"yoast-schema-graph\">{\"@context\":\"https:\\\/\\\/schema.org\",\"@graph\":[{\"@type\":\"Article\",\"@id\":\"https:\\\/\\\/eliasik-law.com\\\/es\\\/mujer-de-illinois-sentenciada-a-prision-por-ataque-de-perro\\\/#article\",\"isPartOf\":{\"@id\":\"https:\\\/\\\/eliasik-law.com\\\/es\\\/mujer-de-illinois-sentenciada-a-prision-por-ataque-de-perro\\\/\"},\"author\":{\"name\":\"SetMySite Development Team\",\"@id\":\"https:\\\/\\\/eliasik-law.com\\\/es\\\/#\\\/schema\\\/person\\\/0e1f00c80fafb54acac392c2790f8d7b\"},\"headline\":\"Mujer de Illinois sentenciada a prisi\u00f3n por ataque de perro\",\"datePublished\":\"2014-06-21T19:20:16+00:00\",\"dateModified\":\"2025-09-05T16:53:43+00:00\",\"mainEntityOfPage\":{\"@id\":\"https:\\\/\\\/eliasik-law.com\\\/es\\\/mujer-de-illinois-sentenciada-a-prision-por-ataque-de-perro\\\/\"},\"wordCount\":323,\"publisher\":{\"@id\":\"https:\\\/\\\/eliasik-law.com\\\/es\\\/#organization\"},\"image\":{\"@id\":\"https:\\\/\\\/eliasik-law.com\\\/es\\\/mujer-de-illinois-sentenciada-a-prision-por-ataque-de-perro\\\/#primaryimage\"},\"thumbnailUrl\":\"https:\\\/\\\/eliasik-law.com\\\/wp-content\\\/uploads\\\/2014\\\/06\\\/dog-attack-bite.jpg\",\"keywords\":[\"cicatrices\",\"compensaci\u00f3n\",\"desfiguraci\u00f3n\",\"lesiones personales\",\"mordedura de perro\"],\"articleSection\":[\"Lesiones a ni\u00f1os\"],\"inLanguage\":\"es\"},{\"@type\":\"WebPage\",\"@id\":\"https:\\\/\\\/eliasik-law.com\\\/es\\\/mujer-de-illinois-sentenciada-a-prision-por-ataque-de-perro\\\/\",\"url\":\"https:\\\/\\\/eliasik-law.com\\\/es\\\/mujer-de-illinois-sentenciada-a-prision-por-ataque-de-perro\\\/\",\"name\":\"Mujer de Illinois sentenciada a prisi\u00f3n por ataque de perro | Bufete de abogados de John S. Eliasik\",\"isPartOf\":{\"@id\":\"https:\\\/\\\/eliasik-law.com\\\/es\\\/#website\"},\"primaryImageOfPage\":{\"@id\":\"https:\\\/\\\/eliasik-law.com\\\/es\\\/mujer-de-illinois-sentenciada-a-prision-por-ataque-de-perro\\\/#primaryimage\"},\"image\":{\"@id\":\"https:\\\/\\\/eliasik-law.com\\\/es\\\/mujer-de-illinois-sentenciada-a-prision-por-ataque-de-perro\\\/#primaryimage\"},\"thumbnailUrl\":\"https:\\\/\\\/eliasik-law.com\\\/wp-content\\\/uploads\\\/2014\\\/06\\\/dog-attack-bite.jpg\",\"datePublished\":\"2014-06-21T19:20:16+00:00\",\"dateModified\":\"2025-09-05T16:53:43+00:00\",\"description\":\"Una mujer de Illinois fue sentenciada a prisi\u00f3n el 6 de junio despu\u00e9s de declararse culpable de un cargo de conducta imprudente despu\u00e9s de que su pitbull... Lesiones a ni\u00f1os\",\"inLanguage\":\"es\",\"potentialAction\":[{\"@type\":\"ReadAction\",\"target\":[\"https:\\\/\\\/eliasik-law.com\\\/es\\\/mujer-de-illinois-sentenciada-a-prision-por-ataque-de-perro\\\/\"]}]},{\"@type\":\"ImageObject\",\"inLanguage\":\"es\",\"@id\":\"https:\\\/\\\/eliasik-law.com\\\/es\\\/mujer-de-illinois-sentenciada-a-prision-por-ataque-de-perro\\\/#primaryimage\",\"url\":\"https:\\\/\\\/eliasik-law.com\\\/wp-content\\\/uploads\\\/2014\\\/06\\\/dog-attack-bite.jpg\",\"contentUrl\":\"https:\\\/\\\/eliasik-law.com\\\/wp-content\\\/uploads\\\/2014\\\/06\\\/dog-attack-bite.jpg\",\"width\":1920,\"height\":1282,\"caption\":\"A brown dog stands on a dirt path with trees and greenery in the background.\"},{\"@type\":\"WebSite\",\"@id\":\"https:\\\/\\\/eliasik-law.com\\\/es\\\/#website\",\"url\":\"https:\\\/\\\/eliasik-law.com\\\/es\\\/\",\"name\":\"Ley de Eliasik\",\"description\":\"Abogados de lesiones personales en Chicago\",\"publisher\":{\"@id\":\"https:\\\/\\\/eliasik-law.com\\\/es\\\/#organization\"},\"potentialAction\":[{\"@type\":\"SearchAction\",\"target\":{\"@type\":\"EntryPoint\",\"urlTemplate\":\"https:\\\/\\\/eliasik-law.com\\\/es\\\/?s={search_term_string}\"},\"query-input\":{\"@type\":\"PropertyValueSpecification\",\"valueRequired\":true,\"valueName\":\"search_term_string\"}}],\"inLanguage\":\"es\"},{\"@type\":\"Organization\",\"@id\":\"https:\\\/\\\/eliasik-law.com\\\/es\\\/#organization\",\"name\":\"Las Oficinas Legales de John S. Eliasik\",\"url\":\"https:\\\/\\\/eliasik-law.com\\\/es\\\/\",\"logo\":{\"@type\":\"ImageObject\",\"inLanguage\":\"es\",\"@id\":\"https:\\\/\\\/eliasik-law.com\\\/es\\\/#\\\/schema\\\/logo\\\/image\\\/\",\"url\":\"https:\\\/\\\/eliasik-law.com\\\/wp-content\\\/uploads\\\/2023\\\/07\\\/eliasik-law-logo-2-e1679440521344-min.gif\",\"contentUrl\":\"https:\\\/\\\/eliasik-law.com\\\/wp-content\\\/uploads\\\/2023\\\/07\\\/eliasik-law-logo-2-e1679440521344-min.gif\",\"width\":550,\"height\":102,\"caption\":\"Las Oficinas Legales de John S. Eliasik\"},\"image\":{\"@id\":\"https:\\\/\\\/eliasik-law.com\\\/es\\\/#\\\/schema\\\/logo\\\/image\\\/\"}},{\"@type\":\"Person\",\"@id\":\"https:\\\/\\\/eliasik-law.com\\\/es\\\/#\\\/schema\\\/person\\\/0e1f00c80fafb54acac392c2790f8d7b\",\"name\":\"SetMySite Development Team\",\"image\":{\"@type\":\"ImageObject\",\"inLanguage\":\"es\",\"@id\":\"https:\\\/\\\/secure.gravatar.com\\\/avatar\\\/d66977c79a2aae348f70434080d629fe64c25fbd9fe774d8c09f73781bc9a13b?s=96&d=mm&r=g\",\"url\":\"https:\\\/\\\/secure.gravatar.com\\\/avatar\\\/d66977c79a2aae348f70434080d629fe64c25fbd9fe774d8c09f73781bc9a13b?s=96&d=mm&r=g\",\"contentUrl\":\"https:\\\/\\\/secure.gravatar.com\\\/avatar\\\/d66977c79a2aae348f70434080d629fe64c25fbd9fe774d8c09f73781bc9a13b?s=96&d=mm&r=g\",\"caption\":\"SetMySite Development Team\"},\"url\":\"https:\\\/\\\/eliasik-law.com\\\/es\\\/author\\\/devteam\\\/\"}]}<\/script>\n<!-- \/ Yoast SEO plugin. -->","yoast_head_json":{"title":"Mujer de Illinois sentenciada a prisi\u00f3n por ataque de perro | Bufete de abogados de John S. Eliasik","description":"Una mujer de Illinois fue sentenciada a prisi\u00f3n el 6 de junio despu\u00e9s de declararse culpable de un cargo de conducta imprudente despu\u00e9s de que su pitbull... Lesiones a ni\u00f1os","robots":{"index":"index","follow":"follow","max-snippet":"max-snippet:-1","max-image-preview":"max-image-preview:large","max-video-preview":"max-video-preview:-1"},"canonical":"https:\/\/eliasik-law.com\/es\/mujer-de-illinois-sentenciada-a-prision-por-ataque-de-perro\/","og_locale":"es_ES","og_type":"article","og_title":"Mujer de Illinois sentenciada a prisi\u00f3n por ataque de perro | Bufete de abogados de John S. Eliasik","og_description":"Una mujer de Illinois fue sentenciada a prisi\u00f3n el 6 de junio despu\u00e9s de declararse culpable de un cargo de conducta imprudente despu\u00e9s de que su pitbull... Lesiones a ni\u00f1os","og_url":"https:\/\/eliasik-law.com\/es\/mujer-de-illinois-sentenciada-a-prision-por-ataque-de-perro\/","og_site_name":"Ley de Eliasik","article_published_time":"2014-06-21T19:20:16+00:00","article_modified_time":"2025-09-05T16:53:43+00:00","og_image":[{"width":1920,"height":1282,"url":"https:\/\/eliasik-law.com\/wp-content\/uploads\/2014\/06\/dog-attack-bite.jpg","type":"image\/jpeg"}],"author":"SetMySite Development Team","twitter_misc":{"Escrito por":"SetMySite Development Team","Tiempo de lectura":"2 minutos"},"schema":{"@context":"https:\/\/schema.org","@graph":[{"@type":"Article","@id":"https:\/\/eliasik-law.com\/es\/mujer-de-illinois-sentenciada-a-prision-por-ataque-de-perro\/#article","isPartOf":{"@id":"https:\/\/eliasik-law.com\/es\/mujer-de-illinois-sentenciada-a-prision-por-ataque-de-perro\/"},"author":{"name":"SetMySite Development Team","@id":"https:\/\/eliasik-law.com\/es\/#\/schema\/person\/0e1f00c80fafb54acac392c2790f8d7b"},"headline":"Mujer de Illinois sentenciada a prisi\u00f3n por ataque de perro","datePublished":"2014-06-21T19:20:16+00:00","dateModified":"2025-09-05T16:53:43+00:00","mainEntityOfPage":{"@id":"https:\/\/eliasik-law.com\/es\/mujer-de-illinois-sentenciada-a-prision-por-ataque-de-perro\/"},"wordCount":323,"publisher":{"@id":"https:\/\/eliasik-law.com\/es\/#organization"},"image":{"@id":"https:\/\/eliasik-law.com\/es\/mujer-de-illinois-sentenciada-a-prision-por-ataque-de-perro\/#primaryimage"},"thumbnailUrl":"https:\/\/eliasik-law.com\/wp-content\/uploads\/2014\/06\/dog-attack-bite.jpg","keywords":["cicatrices","compensaci\u00f3n","desfiguraci\u00f3n","lesiones personales","mordedura de perro"],"articleSection":["Lesiones a ni\u00f1os"],"inLanguage":"es"},{"@type":"WebPage","@id":"https:\/\/eliasik-law.com\/es\/mujer-de-illinois-sentenciada-a-prision-por-ataque-de-perro\/","url":"https:\/\/eliasik-law.com\/es\/mujer-de-illinois-sentenciada-a-prision-por-ataque-de-perro\/","name":"Mujer de Illinois sentenciada a prisi\u00f3n por ataque de perro | Bufete de abogados de John S. Eliasik","isPartOf":{"@id":"https:\/\/eliasik-law.com\/es\/#website"},"primaryImageOfPage":{"@id":"https:\/\/eliasik-law.com\/es\/mujer-de-illinois-sentenciada-a-prision-por-ataque-de-perro\/#primaryimage"},"image":{"@id":"https:\/\/eliasik-law.com\/es\/mujer-de-illinois-sentenciada-a-prision-por-ataque-de-perro\/#primaryimage"},"thumbnailUrl":"https:\/\/eliasik-law.com\/wp-content\/uploads\/2014\/06\/dog-attack-bite.jpg","datePublished":"2014-06-21T19:20:16+00:00","dateModified":"2025-09-05T16:53:43+00:00","description":"Una mujer de Illinois fue sentenciada a prisi\u00f3n el 6 de junio despu\u00e9s de declararse culpable de un cargo de conducta imprudente despu\u00e9s de que su pitbull... Lesiones a ni\u00f1os","inLanguage":"es","potentialAction":[{"@type":"ReadAction","target":["https:\/\/eliasik-law.com\/es\/mujer-de-illinois-sentenciada-a-prision-por-ataque-de-perro\/"]}]},{"@type":"ImageObject","inLanguage":"es","@id":"https:\/\/eliasik-law.com\/es\/mujer-de-illinois-sentenciada-a-prision-por-ataque-de-perro\/#primaryimage","url":"https:\/\/eliasik-law.com\/wp-content\/uploads\/2014\/06\/dog-attack-bite.jpg","contentUrl":"https:\/\/eliasik-law.com\/wp-content\/uploads\/2014\/06\/dog-attack-bite.jpg","width":1920,"height":1282,"caption":"A brown dog stands on a dirt path with trees and greenery in the background."},{"@type":"WebSite","@id":"https:\/\/eliasik-law.com\/es\/#website","url":"https:\/\/eliasik-law.com\/es\/","name":"Ley de Eliasik","description":"Abogados de lesiones personales en Chicago","publisher":{"@id":"https:\/\/eliasik-law.com\/es\/#organization"},"potentialAction":[{"@type":"SearchAction","target":{"@type":"EntryPoint","urlTemplate":"https:\/\/eliasik-law.com\/es\/?s={search_term_string}"},"query-input":{"@type":"PropertyValueSpecification","valueRequired":true,"valueName":"search_term_string"}}],"inLanguage":"es"},{"@type":"Organization","@id":"https:\/\/eliasik-law.com\/es\/#organization","name":"Las Oficinas Legales de John S. Eliasik","url":"https:\/\/eliasik-law.com\/es\/","logo":{"@type":"ImageObject","inLanguage":"es","@id":"https:\/\/eliasik-law.com\/es\/#\/schema\/logo\/image\/","url":"https:\/\/eliasik-law.com\/wp-content\/uploads\/2023\/07\/eliasik-law-logo-2-e1679440521344-min.gif","contentUrl":"https:\/\/eliasik-law.com\/wp-content\/uploads\/2023\/07\/eliasik-law-logo-2-e1679440521344-min.gif","width":550,"height":102,"caption":"Las Oficinas Legales de John S. Eliasik"},"image":{"@id":"https:\/\/eliasik-law.com\/es\/#\/schema\/logo\/image\/"}},{"@type":"Person","@id":"https:\/\/eliasik-law.com\/es\/#\/schema\/person\/0e1f00c80fafb54acac392c2790f8d7b","name":"SetMySite Development Team","image":{"@type":"ImageObject","inLanguage":"es","@id":"https:\/\/secure.gravatar.com\/avatar\/d66977c79a2aae348f70434080d629fe64c25fbd9fe774d8c09f73781bc9a13b?s=96&d=mm&r=g","url":"https:\/\/secure.gravatar.com\/avatar\/d66977c79a2aae348f70434080d629fe64c25fbd9fe774d8c09f73781bc9a13b?s=96&d=mm&r=g","contentUrl":"https:\/\/secure.gravatar.com\/avatar\/d66977c79a2aae348f70434080d629fe64c25fbd9fe774d8c09f73781bc9a13b?s=96&d=mm&r=g","caption":"SetMySite Development Team"},"url":"https:\/\/eliasik-law.com\/es\/author\/devteam\/"}]}},"jetpack_featured_media_url":"https:\/\/eliasik-law.com\/wp-content\/uploads\/2014\/06\/dog-attack-bite.jpg","_links":{"self":[{"href":"https:\/\/eliasik-law.com\/es\/wp-json\/wp\/v2\/posts\/5663","targetHints":{"allow":["GET"]}}],"collection":[{"href":"https:\/\/eliasik-law.com\/es\/wp-json\/wp\/v2\/posts"}],"about":[{"href":"https:\/\/eliasik-law.com\/es\/wp-json\/wp\/v2\/types\/post"}],"author":[{"embeddable":true,"href":"https:\/\/eliasik-law.com\/es\/wp-json\/wp\/v2\/users\/2"}],"replies":[{"embeddable":true,"href":"https:\/\/eliasik-law.com\/es\/wp-json\/wp\/v2\/comments?post=5663"}],"version-history":[{"count":1,"href":"https:\/\/eliasik-law.com\/es\/wp-json\/wp\/v2\/posts\/5663\/revisions"}],"predecessor-version":[{"id":5665,"href":"https:\/\/eliasik-law.com\/es\/wp-json\/wp\/v2\/posts\/5663\/revisions\/5665"}],"wp:featuredmedia":[{"embeddable":true,"href":"https:\/\/eliasik-law.com\/es\/wp-json\/wp\/v2\/media\/5030"}],"wp:attachment":[{"href":"https:\/\/eliasik-law.com\/es\/wp-json\/wp\/v2\/media?parent=5663"}],"wp:term":[{"taxonomy":"category","embeddable":true,"href":"https:\/\/eliasik-law.com\/es\/wp-json\/wp\/v2\/categories?post=5663"},{"taxonomy":"post_tag","embeddable":true,"href":"https:\/\/eliasik-law.com\/es\/wp-json\/wp\/v2\/tags?post=5663"}],"curies":[{"name":"wp","href":"https:\/\/api.w.org\/{rel}","templated":true}]}}