{"id":5693,"date":"2014-03-20T06:18:11","date_gmt":"2014-03-20T13:18:11","guid":{"rendered":"https:\/\/eliasik-law.com\/un-nino-de-5-anos-se-recupera-bien-despues-de-que-un-perro-le-mordiera-la-cara\/"},"modified":"2025-09-05T09:57:54","modified_gmt":"2025-09-05T16:57:54","slug":"un-nino-de-5-anos-se-recupera-bien-despues-de-que-un-perro-le-mordiera-la-cara","status":"publish","type":"post","link":"https:\/\/eliasik-law.com\/es\/un-nino-de-5-anos-se-recupera-bien-despues-de-que-un-perro-le-mordiera-la-cara\/","title":{"rendered":"Un ni\u00f1o de 5 a\u00f1os se recupera bien despu\u00e9s de que un perro le mordiera la cara."},"content":{"rendered":"\t\t<div data-elementor-type=\"wp-post\" data-elementor-id=\"5693\" class=\"elementor elementor-5693 elementor-2199\" data-elementor-post-type=\"post\">\n\t\t\t\t<div class=\"elementor-element elementor-element-b05a12a e-flex e-con-boxed e-con e-parent\" data-id=\"b05a12a\" data-element_type=\"container\" data-e-type=\"container\">\n\t\t\t\t\t<div class=\"e-con-inner\">\n\t\t<div class=\"elementor-element elementor-element-d9aa5b7 e-con-full e-flex e-con e-child\" data-id=\"d9aa5b7\" data-element_type=\"container\" data-e-type=\"container\">\n\t\t<div class=\"elementor-element elementor-element-d83e10b e-con-full e-flex e-con e-child\" data-id=\"d83e10b\" data-element_type=\"container\" data-e-type=\"container\">\n\t\t\t\t<div class=\"elementor-element elementor-element-3205882 elementor-widget elementor-widget-theme-post-title elementor-page-title elementor-widget-heading\" data-id=\"3205882\" data-element_type=\"widget\" data-e-type=\"widget\" data-widget_type=\"theme-post-title.default\">\n\t\t\t\t<div class=\"elementor-widget-container\">\n\t\t\t\t\t<h1 class=\"elementor-heading-title elementor-size-default\">Un ni\u00f1o de 5 a\u00f1os se recupera bien despu\u00e9s de que un perro le mordiera la cara.<\/h1>\t\t\t\t<\/div>\n\t\t\t\t<\/div>\n\t\t\t\t<div class=\"elementor-element elementor-element-5b26303 elementor-widget elementor-widget-theme-post-featured-image elementor-widget-image\" data-id=\"5b26303\" data-element_type=\"widget\" data-e-type=\"widget\" data-widget_type=\"theme-post-featured-image.default\">\n\t\t\t\t<div class=\"elementor-widget-container\">\n\t\t\t\t\t\t\t\t\t\t\t\t\t\t\t<img fetchpriority=\"high\" decoding=\"async\" width=\"1920\" height=\"1280\" src=\"https:\/\/eliasik-law.com\/wp-content\/uploads\/2014\/03\/child-recover-dog-bite-1.jpg\" class=\"attachment-full size-full wp-image-4946\" alt=\"White bulldog with blue eyes and black spot around one eye, sitting outdoors with tongue out.\" srcset=\"https:\/\/eliasik-law.com\/wp-content\/uploads\/2014\/03\/child-recover-dog-bite-1.jpg 1920w, https:\/\/eliasik-law.com\/wp-content\/uploads\/2014\/03\/child-recover-dog-bite-1-300x200.jpg 300w, https:\/\/eliasik-law.com\/wp-content\/uploads\/2014\/03\/child-recover-dog-bite-1-1024x683.jpg 1024w, https:\/\/eliasik-law.com\/wp-content\/uploads\/2014\/03\/child-recover-dog-bite-1-768x512.jpg 768w, https:\/\/eliasik-law.com\/wp-content\/uploads\/2014\/03\/child-recover-dog-bite-1-1536x1024.jpg 1536w\" sizes=\"(max-width: 1920px) 100vw, 1920px\" \/>\t\t\t\t\t\t\t\t\t\t\t\t\t\t\t<\/div>\n\t\t\t\t<\/div>\n\t\t\t\t<div class=\"elementor-element elementor-element-3986451 elementor-align-center elementor-widget elementor-widget-post-info\" data-id=\"3986451\" data-element_type=\"widget\" data-e-type=\"widget\" data-widget_type=\"post-info.default\">\n\t\t\t\t<div class=\"elementor-widget-container\">\n\t\t\t\t\t\t\t<ul class=\"elementor-inline-items elementor-icon-list-items elementor-post-info\">\n\t\t\t\t\t\t\t\t<li class=\"elementor-icon-list-item elementor-repeater-item-1044bf9 elementor-inline-item\" itemprop=\"datePublished\">\n\t\t\t\t\t\t<a href=\"https:\/\/eliasik-law.com\/es\/2014\/03\/20\/\">\n\t\t\t\t\t\t\t\t\t\t\t<span class=\"elementor-icon-list-icon\">\n\t\t\t\t\t\t\t\t<i aria-hidden=\"true\" class=\"fas fa-calendar\"><\/i>\t\t\t\t\t\t\t<\/span>\n\t\t\t\t\t\t\t\t\t<span class=\"elementor-icon-list-text elementor-post-info__item elementor-post-info__item--type-date\">\n\t\t\t\t\t\t\t\t\t\t<time>marzo 20, 2014<\/time>\t\t\t\t\t<\/span>\n\t\t\t\t\t\t\t\t\t<\/a>\n\t\t\t\t<\/li>\n\t\t\t\t<\/ul>\n\t\t\t\t\t\t<\/div>\n\t\t\t\t<\/div>\n\t\t\t\t<\/div>\n\t\t\t\t<\/div>\n\t\t<div class=\"elementor-element elementor-element-381c8a9 e-con-full JE-postContent e-flex e-con e-child\" data-id=\"381c8a9\" data-element_type=\"container\" data-e-type=\"container\" data-settings=\"{&quot;background_background&quot;:&quot;classic&quot;}\">\n\t\t\t\t<div class=\"elementor-element elementor-element-a051382 elementor-widget elementor-widget-text-editor\" data-id=\"a051382\" data-element_type=\"widget\" data-e-type=\"widget\" data-widget_type=\"text-editor.default\">\n\t\t\t\t<div class=\"elementor-widget-container\">\n\t\t\t\t\t\t\t\t\tTras la mordedura en la cara del pitbull de la familia, la v\u00edctima de 5 a\u00f1os se recupera perfectamente y deber\u00eda recibir el alta hospitalaria pronto. Al parecer, el pitbull mordi\u00f3 al ni\u00f1o en la cara despu\u00e9s de que este le ara\u00f1ara el cuello. Sin embargo, nadie sabe con certeza qu\u00e9 sucedi\u00f3, ya que el ni\u00f1o fue el \u00fanico testigo del incidente.  \n\n\t\t\t\t\t\t\t\t<\/div>\n\t\t\t\t<\/div>\n\t\t\t\t<div class=\"elementor-element elementor-element-b3c8c34 elementor-widget elementor-widget-text-editor\" data-id=\"b3c8c34\" data-element_type=\"widget\" data-e-type=\"widget\" data-widget_type=\"text-editor.default\">\n\t\t\t\t<div class=\"elementor-widget-container\">\n\t\t\t\t\t\t\t\t\t<p>La familia ha tenido al perro desde que era cachorro, y el pitbull ya tiene 7 a\u00f1os. Durante ese tiempo, la familia dijo que \u00abno tuvieron ning\u00fan problema con \u00e9l\u00bb. Aun as\u00ed, tras este incidente \u2014que dej\u00f3 al peque\u00f1o de 5 a\u00f1os con graves lesiones faciales\u2014, decidieron que deb\u00edan sacrificarlo.  <\/p>\t\t\t\t\t\t\t\t<\/div>\n\t\t\t\t<\/div>\n\t\t\t\t<div class=\"elementor-element elementor-element-4f7db01 elementor-widget elementor-widget-text-editor\" data-id=\"4f7db01\" data-element_type=\"widget\" data-e-type=\"widget\" data-widget_type=\"text-editor.default\">\n\t\t\t\t<div class=\"elementor-widget-container\">\n\t\t\t\t\t\t\t\t\t<p>Aunque esta es una historia com\u00fan y corriente <a href=\"https:\/\/eliasik-law.com\/es\/mordeduras-de-perro-que-involucran-a-ninos\/\" target=\"_blank\" rel=\"noopener noreferrer\">sobre mordeduras de perro<\/a> , trae a la mente un par de recordatorios sobre estos incidentes. El primero es una percepci\u00f3n err\u00f3nea sobre los ataques de perros. Lo primero que la mayor\u00eda de la gente piensa al o\u00edr \u00abmordedura de perro\u00bb es que se trata de un pitbull. Sin embargo, cualquier perro puede despertar repentinamente sus instintos y atacar a alguien. Cualquier perro, si no est\u00e1 bien entrenado o si su due\u00f1o lo maneja con negligencia, puede convertirse en un peligro.    <\/p>\t\t\t\t\t\t\t\t<\/div>\n\t\t\t\t<\/div>\n\t\t\t\t<div class=\"elementor-element elementor-element-98f51fc elementor-widget elementor-widget-text-editor\" data-id=\"98f51fc\" data-element_type=\"widget\" data-e-type=\"widget\" data-widget_type=\"text-editor.default\">\n\t\t\t\t<div class=\"elementor-widget-container\">\n\t\t\t\t\t\t\t\t\tEl otro aspecto de esta historia es que el pitbull no ten\u00eda una vacuna antirr\u00e1bica reciente. Se le realizar\u00e1n pruebas al perro y se aplicar\u00e1n los procedimientos antirr\u00e1bicos correspondientes. Este es un aspecto crucial tras una mordedura de perro, ya que a veces la v\u00edctima desconoce por completo al perro o muy poco a su due\u00f1o. De todas formas, debe recibir el tratamiento antirr\u00e1bico como medida de precauci\u00f3n, pero si el due\u00f1o del perro es considerado responsable, podr\u00eda acabar pagando dicho tratamiento, adem\u00e1s de algunas de sus otras facturas m\u00e9dicas.   \n\n\t\t\t\t\t\t\t\t<\/div>\n\t\t\t\t<\/div>\n\t\t\t\t<div class=\"elementor-element elementor-element-1df1275 elementor-widget elementor-widget-text-editor\" data-id=\"1df1275\" data-element_type=\"widget\" data-e-type=\"widget\" data-widget_type=\"text-editor.default\">\n\t\t\t\t<div class=\"elementor-widget-container\">\n\t\t\t\t\t\t\t\t\t<p><b>Fuente:<\/b> Sun Journal, \u201c <a href=\"https:\/\/www.sunjournal.com\/2014\/03\/20\/police-dog-bite-victim-expected-released-hospital\/\" target=\"_blank\" rel=\"noopener noreferrer\">Polic\u00eda: Se espera que la v\u00edctima de una mordedura de perro sea dada de alta del hospital<\/a> \u201d, Leslie Dixon, 19 de marzo de 2014<\/p>\t\t\t\t\t\t\t\t<\/div>\n\t\t\t\t<\/div>\n\t\t\t\t<div class=\"elementor-element elementor-element-ed62ce7 elementor-widget elementor-widget-text-editor\" data-id=\"ed62ce7\" data-element_type=\"widget\" data-e-type=\"widget\" data-widget_type=\"text-editor.default\">\n\t\t\t\t<div class=\"elementor-widget-container\">\n\t\t\t\t\t\t\t\t\t<div class=\"blog-cat\"><div class=\"entry-meta\"><div class=\"entry-content\"><div class=\"blog-cat\"><div class=\"entry-meta\"><div class=\"blog-cat\"><div class=\"entry-meta\">Categor\u00edas: <span class=\"cat-links\"><a href=\"https:\/\/eliasik-law.com\/es\/category\/lesiones-a-ninos\/\" rel=\"category tag\">Lesiones en ni\u00f1os<\/a><\/span><\/div><\/div><\/div><\/div><\/div><\/div><\/div>\t\t\t\t\t\t\t\t<\/div>\n\t\t\t\t<\/div>\n\t\t\t\t<div class=\"elementor-element elementor-element-4bc79de elementor-widget elementor-widget-text-editor\" data-id=\"4bc79de\" data-element_type=\"widget\" data-e-type=\"widget\" data-widget_type=\"text-editor.default\">\n\t\t\t\t<div class=\"elementor-widget-container\">\n\t\t\t\t\t\t\t\t\t  Compartir en:\n [a\u00f1adir a cualquier]\n\t\t\t\t\t\t\t\t<\/div>\n\t\t\t\t<\/div>\n\t\t\t\t<div class=\"elementor-element elementor-element-a3132f7 elementor-widget elementor-widget-text-editor\" data-id=\"a3132f7\" data-element_type=\"widget\" data-e-type=\"widget\" data-widget_type=\"text-editor.default\">\n\t\t\t\t<div class=\"elementor-widget-container\">\n\t\t\t\t\t\t\t\t\t<footer class=\"entry-meta\"><span class=\"tag-title\">Etiquetas: <span class=\"tag-links\"><a href=\"https:\/\/eliasik-law.com\/es\/tag\/ataque-de-perro\/\" rel=\"tag\">ataque de perro,<\/a> <a href=\"https:\/\/eliasik-law.com\/es\/tag\/mordedura-de-perro\/\" rel=\"tag\">mordedura de perro<\/a><\/span><\/span><\/footer>\t\t\t\t\t\t\t\t<\/div>\n\t\t\t\t<\/div>\n\t\t\t\t<\/div>\n\t\t\t\t\t<\/div>\n\t\t\t\t<\/div>\n\t\t\t\t<\/div>\n\t\t","protected":false},"excerpt":{"rendered":"<p>Tras la mordedura en la cara del pitbull de la familia, la v\u00edctima de 5 a\u00f1os se recupera perfectamente y deber\u00eda recibir el alta hospitalaria pronto. Al parecer, el pitbull mordi\u00f3 al ni\u00f1o en la cara despu\u00e9s de que este le ara\u00f1ara el cuello. Sin embargo, nadie sabe con certeza qu\u00e9 sucedi\u00f3, ya que el [&hellip;]<\/p>\n","protected":false},"author":2,"featured_media":4946,"comment_status":"closed","ping_status":"open","sticky":false,"template":"elementor_header_footer","format":"standard","meta":{"footnotes":""},"categories":[84],"tags":[82,80],"class_list":["post-5693","post","type-post","status-publish","format-standard","has-post-thumbnail","hentry","category-lesiones-a-ninos","tag-ataque-de-perro","tag-mordedura-de-perro"],"yoast_head":"<!-- This site is optimized with the Yoast SEO plugin v27.5 - https:\/\/yoast.com\/product\/yoast-seo-wordpress\/ -->\n<title>Ni\u00f1o de 5 a\u00f1os se recupera satisfactoriamente tras ser mordido por un perro en la cara | Bufete de abogados de John S. Eliasik<\/title>\n<meta name=\"description\" content=\"Despu\u00e9s de que el pitbull de la familia lo mordiera en la cara, la v\u00edctima de 5 a\u00f1os se est\u00e1 recuperando bien y deber\u00eda ser dada de alta de un ... Lesiones a Ni\u00f1os\" \/>\n<meta name=\"robots\" content=\"index, follow, max-snippet:-1, max-image-preview:large, max-video-preview:-1\" \/>\n<link rel=\"canonical\" href=\"https:\/\/eliasik-law.com\/es\/un-nino-de-5-anos-se-recupera-bien-despues-de-que-un-perro-le-mordiera-la-cara\/\" \/>\n<meta property=\"og:locale\" content=\"es_ES\" \/>\n<meta property=\"og:type\" content=\"article\" \/>\n<meta property=\"og:title\" content=\"Ni\u00f1o de 5 a\u00f1os se recupera satisfactoriamente tras ser mordido por un perro en la cara | Bufete de abogados de John S. Eliasik\" \/>\n<meta property=\"og:description\" content=\"Despu\u00e9s de que el pitbull de la familia lo mordiera en la cara, la v\u00edctima de 5 a\u00f1os se est\u00e1 recuperando bien y deber\u00eda ser dada de alta de un ... Lesiones a Ni\u00f1os\" \/>\n<meta property=\"og:url\" content=\"https:\/\/eliasik-law.com\/es\/un-nino-de-5-anos-se-recupera-bien-despues-de-que-un-perro-le-mordiera-la-cara\/\" \/>\n<meta property=\"og:site_name\" content=\"Ley de Eliasik\" \/>\n<meta property=\"article:published_time\" content=\"2014-03-20T13:18:11+00:00\" \/>\n<meta property=\"article:modified_time\" content=\"2025-09-05T16:57:54+00:00\" \/>\n<meta property=\"og:image\" content=\"https:\/\/eliasik-law.com\/wp-content\/uploads\/2014\/03\/child-recover-dog-bite-1.jpg\" \/>\n\t<meta property=\"og:image:width\" content=\"1920\" \/>\n\t<meta property=\"og:image:height\" content=\"1280\" \/>\n\t<meta property=\"og:image:type\" content=\"image\/jpeg\" \/>\n<meta name=\"author\" content=\"SetMySite Development Team\" \/>\n<meta name=\"twitter:label1\" content=\"Escrito por\" \/>\n\t<meta name=\"twitter:data1\" content=\"SetMySite Development Team\" \/>\n\t<meta name=\"twitter:label2\" content=\"Tiempo de lectura\" \/>\n\t<meta name=\"twitter:data2\" content=\"2 minutos\" \/>\n<script type=\"application\/ld+json\" class=\"yoast-schema-graph\">{\"@context\":\"https:\\\/\\\/schema.org\",\"@graph\":[{\"@type\":\"Article\",\"@id\":\"https:\\\/\\\/eliasik-law.com\\\/es\\\/un-nino-de-5-anos-se-recupera-bien-despues-de-que-un-perro-le-mordiera-la-cara\\\/#article\",\"isPartOf\":{\"@id\":\"https:\\\/\\\/eliasik-law.com\\\/es\\\/un-nino-de-5-anos-se-recupera-bien-despues-de-que-un-perro-le-mordiera-la-cara\\\/\"},\"author\":{\"name\":\"SetMySite Development Team\",\"@id\":\"https:\\\/\\\/eliasik-law.com\\\/es\\\/#\\\/schema\\\/person\\\/0e1f00c80fafb54acac392c2790f8d7b\"},\"headline\":\"Un ni\u00f1o de 5 a\u00f1os se recupera bien despu\u00e9s de que un perro le mordiera la cara.\",\"datePublished\":\"2014-03-20T13:18:11+00:00\",\"dateModified\":\"2025-09-05T16:57:54+00:00\",\"mainEntityOfPage\":{\"@id\":\"https:\\\/\\\/eliasik-law.com\\\/es\\\/un-nino-de-5-anos-se-recupera-bien-despues-de-que-un-perro-le-mordiera-la-cara\\\/\"},\"wordCount\":383,\"publisher\":{\"@id\":\"https:\\\/\\\/eliasik-law.com\\\/es\\\/#organization\"},\"image\":{\"@id\":\"https:\\\/\\\/eliasik-law.com\\\/es\\\/un-nino-de-5-anos-se-recupera-bien-despues-de-que-un-perro-le-mordiera-la-cara\\\/#primaryimage\"},\"thumbnailUrl\":\"https:\\\/\\\/eliasik-law.com\\\/wp-content\\\/uploads\\\/2014\\\/03\\\/child-recover-dog-bite-1.jpg\",\"keywords\":[\"ataque de perro\",\"mordedura de perro\"],\"articleSection\":[\"Lesiones a ni\u00f1os\"],\"inLanguage\":\"es\"},{\"@type\":\"WebPage\",\"@id\":\"https:\\\/\\\/eliasik-law.com\\\/es\\\/un-nino-de-5-anos-se-recupera-bien-despues-de-que-un-perro-le-mordiera-la-cara\\\/\",\"url\":\"https:\\\/\\\/eliasik-law.com\\\/es\\\/un-nino-de-5-anos-se-recupera-bien-despues-de-que-un-perro-le-mordiera-la-cara\\\/\",\"name\":\"Ni\u00f1o de 5 a\u00f1os se recupera satisfactoriamente tras ser mordido por un perro en la cara | Bufete de abogados de John S. Eliasik\",\"isPartOf\":{\"@id\":\"https:\\\/\\\/eliasik-law.com\\\/es\\\/#website\"},\"primaryImageOfPage\":{\"@id\":\"https:\\\/\\\/eliasik-law.com\\\/es\\\/un-nino-de-5-anos-se-recupera-bien-despues-de-que-un-perro-le-mordiera-la-cara\\\/#primaryimage\"},\"image\":{\"@id\":\"https:\\\/\\\/eliasik-law.com\\\/es\\\/un-nino-de-5-anos-se-recupera-bien-despues-de-que-un-perro-le-mordiera-la-cara\\\/#primaryimage\"},\"thumbnailUrl\":\"https:\\\/\\\/eliasik-law.com\\\/wp-content\\\/uploads\\\/2014\\\/03\\\/child-recover-dog-bite-1.jpg\",\"datePublished\":\"2014-03-20T13:18:11+00:00\",\"dateModified\":\"2025-09-05T16:57:54+00:00\",\"description\":\"Despu\u00e9s de que el pitbull de la familia lo mordiera en la cara, la v\u00edctima de 5 a\u00f1os se est\u00e1 recuperando bien y deber\u00eda ser dada de alta de un ... Lesiones a Ni\u00f1os\",\"inLanguage\":\"es\",\"potentialAction\":[{\"@type\":\"ReadAction\",\"target\":[\"https:\\\/\\\/eliasik-law.com\\\/es\\\/un-nino-de-5-anos-se-recupera-bien-despues-de-que-un-perro-le-mordiera-la-cara\\\/\"]}]},{\"@type\":\"ImageObject\",\"inLanguage\":\"es\",\"@id\":\"https:\\\/\\\/eliasik-law.com\\\/es\\\/un-nino-de-5-anos-se-recupera-bien-despues-de-que-un-perro-le-mordiera-la-cara\\\/#primaryimage\",\"url\":\"https:\\\/\\\/eliasik-law.com\\\/wp-content\\\/uploads\\\/2014\\\/03\\\/child-recover-dog-bite-1.jpg\",\"contentUrl\":\"https:\\\/\\\/eliasik-law.com\\\/wp-content\\\/uploads\\\/2014\\\/03\\\/child-recover-dog-bite-1.jpg\",\"width\":1920,\"height\":1280,\"caption\":\"White bulldog with blue eyes and black spot around one eye, sitting outdoors with tongue out.\"},{\"@type\":\"WebSite\",\"@id\":\"https:\\\/\\\/eliasik-law.com\\\/es\\\/#website\",\"url\":\"https:\\\/\\\/eliasik-law.com\\\/es\\\/\",\"name\":\"Ley de Eliasik\",\"description\":\"Abogados de lesiones personales en Chicago\",\"publisher\":{\"@id\":\"https:\\\/\\\/eliasik-law.com\\\/es\\\/#organization\"},\"potentialAction\":[{\"@type\":\"SearchAction\",\"target\":{\"@type\":\"EntryPoint\",\"urlTemplate\":\"https:\\\/\\\/eliasik-law.com\\\/es\\\/?s={search_term_string}\"},\"query-input\":{\"@type\":\"PropertyValueSpecification\",\"valueRequired\":true,\"valueName\":\"search_term_string\"}}],\"inLanguage\":\"es\"},{\"@type\":\"Organization\",\"@id\":\"https:\\\/\\\/eliasik-law.com\\\/es\\\/#organization\",\"name\":\"Las Oficinas Legales de John S. Eliasik\",\"url\":\"https:\\\/\\\/eliasik-law.com\\\/es\\\/\",\"logo\":{\"@type\":\"ImageObject\",\"inLanguage\":\"es\",\"@id\":\"https:\\\/\\\/eliasik-law.com\\\/es\\\/#\\\/schema\\\/logo\\\/image\\\/\",\"url\":\"https:\\\/\\\/eliasik-law.com\\\/wp-content\\\/uploads\\\/2023\\\/07\\\/eliasik-law-logo-2-e1679440521344-min.gif\",\"contentUrl\":\"https:\\\/\\\/eliasik-law.com\\\/wp-content\\\/uploads\\\/2023\\\/07\\\/eliasik-law-logo-2-e1679440521344-min.gif\",\"width\":550,\"height\":102,\"caption\":\"Las Oficinas Legales de John S. Eliasik\"},\"image\":{\"@id\":\"https:\\\/\\\/eliasik-law.com\\\/es\\\/#\\\/schema\\\/logo\\\/image\\\/\"}},{\"@type\":\"Person\",\"@id\":\"https:\\\/\\\/eliasik-law.com\\\/es\\\/#\\\/schema\\\/person\\\/0e1f00c80fafb54acac392c2790f8d7b\",\"name\":\"SetMySite Development Team\",\"image\":{\"@type\":\"ImageObject\",\"inLanguage\":\"es\",\"@id\":\"https:\\\/\\\/secure.gravatar.com\\\/avatar\\\/d66977c79a2aae348f70434080d629fe64c25fbd9fe774d8c09f73781bc9a13b?s=96&d=mm&r=g\",\"url\":\"https:\\\/\\\/secure.gravatar.com\\\/avatar\\\/d66977c79a2aae348f70434080d629fe64c25fbd9fe774d8c09f73781bc9a13b?s=96&d=mm&r=g\",\"contentUrl\":\"https:\\\/\\\/secure.gravatar.com\\\/avatar\\\/d66977c79a2aae348f70434080d629fe64c25fbd9fe774d8c09f73781bc9a13b?s=96&d=mm&r=g\",\"caption\":\"SetMySite Development Team\"},\"url\":\"https:\\\/\\\/eliasik-law.com\\\/es\\\/author\\\/devteam\\\/\"}]}<\/script>\n<!-- \/ Yoast SEO plugin. -->","yoast_head_json":{"title":"Ni\u00f1o de 5 a\u00f1os se recupera satisfactoriamente tras ser mordido por un perro en la cara | Bufete de abogados de John S. Eliasik","description":"Despu\u00e9s de que el pitbull de la familia lo mordiera en la cara, la v\u00edctima de 5 a\u00f1os se est\u00e1 recuperando bien y deber\u00eda ser dada de alta de un ... Lesiones a Ni\u00f1os","robots":{"index":"index","follow":"follow","max-snippet":"max-snippet:-1","max-image-preview":"max-image-preview:large","max-video-preview":"max-video-preview:-1"},"canonical":"https:\/\/eliasik-law.com\/es\/un-nino-de-5-anos-se-recupera-bien-despues-de-que-un-perro-le-mordiera-la-cara\/","og_locale":"es_ES","og_type":"article","og_title":"Ni\u00f1o de 5 a\u00f1os se recupera satisfactoriamente tras ser mordido por un perro en la cara | Bufete de abogados de John S. Eliasik","og_description":"Despu\u00e9s de que el pitbull de la familia lo mordiera en la cara, la v\u00edctima de 5 a\u00f1os se est\u00e1 recuperando bien y deber\u00eda ser dada de alta de un ... Lesiones a Ni\u00f1os","og_url":"https:\/\/eliasik-law.com\/es\/un-nino-de-5-anos-se-recupera-bien-despues-de-que-un-perro-le-mordiera-la-cara\/","og_site_name":"Ley de Eliasik","article_published_time":"2014-03-20T13:18:11+00:00","article_modified_time":"2025-09-05T16:57:54+00:00","og_image":[{"width":1920,"height":1280,"url":"https:\/\/eliasik-law.com\/wp-content\/uploads\/2014\/03\/child-recover-dog-bite-1.jpg","type":"image\/jpeg"}],"author":"SetMySite Development Team","twitter_misc":{"Escrito por":"SetMySite Development Team","Tiempo de lectura":"2 minutos"},"schema":{"@context":"https:\/\/schema.org","@graph":[{"@type":"Article","@id":"https:\/\/eliasik-law.com\/es\/un-nino-de-5-anos-se-recupera-bien-despues-de-que-un-perro-le-mordiera-la-cara\/#article","isPartOf":{"@id":"https:\/\/eliasik-law.com\/es\/un-nino-de-5-anos-se-recupera-bien-despues-de-que-un-perro-le-mordiera-la-cara\/"},"author":{"name":"SetMySite Development Team","@id":"https:\/\/eliasik-law.com\/es\/#\/schema\/person\/0e1f00c80fafb54acac392c2790f8d7b"},"headline":"Un ni\u00f1o de 5 a\u00f1os se recupera bien despu\u00e9s de que un perro le mordiera la cara.","datePublished":"2014-03-20T13:18:11+00:00","dateModified":"2025-09-05T16:57:54+00:00","mainEntityOfPage":{"@id":"https:\/\/eliasik-law.com\/es\/un-nino-de-5-anos-se-recupera-bien-despues-de-que-un-perro-le-mordiera-la-cara\/"},"wordCount":383,"publisher":{"@id":"https:\/\/eliasik-law.com\/es\/#organization"},"image":{"@id":"https:\/\/eliasik-law.com\/es\/un-nino-de-5-anos-se-recupera-bien-despues-de-que-un-perro-le-mordiera-la-cara\/#primaryimage"},"thumbnailUrl":"https:\/\/eliasik-law.com\/wp-content\/uploads\/2014\/03\/child-recover-dog-bite-1.jpg","keywords":["ataque de perro","mordedura de perro"],"articleSection":["Lesiones a ni\u00f1os"],"inLanguage":"es"},{"@type":"WebPage","@id":"https:\/\/eliasik-law.com\/es\/un-nino-de-5-anos-se-recupera-bien-despues-de-que-un-perro-le-mordiera-la-cara\/","url":"https:\/\/eliasik-law.com\/es\/un-nino-de-5-anos-se-recupera-bien-despues-de-que-un-perro-le-mordiera-la-cara\/","name":"Ni\u00f1o de 5 a\u00f1os se recupera satisfactoriamente tras ser mordido por un perro en la cara | Bufete de abogados de John S. Eliasik","isPartOf":{"@id":"https:\/\/eliasik-law.com\/es\/#website"},"primaryImageOfPage":{"@id":"https:\/\/eliasik-law.com\/es\/un-nino-de-5-anos-se-recupera-bien-despues-de-que-un-perro-le-mordiera-la-cara\/#primaryimage"},"image":{"@id":"https:\/\/eliasik-law.com\/es\/un-nino-de-5-anos-se-recupera-bien-despues-de-que-un-perro-le-mordiera-la-cara\/#primaryimage"},"thumbnailUrl":"https:\/\/eliasik-law.com\/wp-content\/uploads\/2014\/03\/child-recover-dog-bite-1.jpg","datePublished":"2014-03-20T13:18:11+00:00","dateModified":"2025-09-05T16:57:54+00:00","description":"Despu\u00e9s de que el pitbull de la familia lo mordiera en la cara, la v\u00edctima de 5 a\u00f1os se est\u00e1 recuperando bien y deber\u00eda ser dada de alta de un ... Lesiones a Ni\u00f1os","inLanguage":"es","potentialAction":[{"@type":"ReadAction","target":["https:\/\/eliasik-law.com\/es\/un-nino-de-5-anos-se-recupera-bien-despues-de-que-un-perro-le-mordiera-la-cara\/"]}]},{"@type":"ImageObject","inLanguage":"es","@id":"https:\/\/eliasik-law.com\/es\/un-nino-de-5-anos-se-recupera-bien-despues-de-que-un-perro-le-mordiera-la-cara\/#primaryimage","url":"https:\/\/eliasik-law.com\/wp-content\/uploads\/2014\/03\/child-recover-dog-bite-1.jpg","contentUrl":"https:\/\/eliasik-law.com\/wp-content\/uploads\/2014\/03\/child-recover-dog-bite-1.jpg","width":1920,"height":1280,"caption":"White bulldog with blue eyes and black spot around one eye, sitting outdoors with tongue out."},{"@type":"WebSite","@id":"https:\/\/eliasik-law.com\/es\/#website","url":"https:\/\/eliasik-law.com\/es\/","name":"Ley de Eliasik","description":"Abogados de lesiones personales en Chicago","publisher":{"@id":"https:\/\/eliasik-law.com\/es\/#organization"},"potentialAction":[{"@type":"SearchAction","target":{"@type":"EntryPoint","urlTemplate":"https:\/\/eliasik-law.com\/es\/?s={search_term_string}"},"query-input":{"@type":"PropertyValueSpecification","valueRequired":true,"valueName":"search_term_string"}}],"inLanguage":"es"},{"@type":"Organization","@id":"https:\/\/eliasik-law.com\/es\/#organization","name":"Las Oficinas Legales de John S. Eliasik","url":"https:\/\/eliasik-law.com\/es\/","logo":{"@type":"ImageObject","inLanguage":"es","@id":"https:\/\/eliasik-law.com\/es\/#\/schema\/logo\/image\/","url":"https:\/\/eliasik-law.com\/wp-content\/uploads\/2023\/07\/eliasik-law-logo-2-e1679440521344-min.gif","contentUrl":"https:\/\/eliasik-law.com\/wp-content\/uploads\/2023\/07\/eliasik-law-logo-2-e1679440521344-min.gif","width":550,"height":102,"caption":"Las Oficinas Legales de John S. Eliasik"},"image":{"@id":"https:\/\/eliasik-law.com\/es\/#\/schema\/logo\/image\/"}},{"@type":"Person","@id":"https:\/\/eliasik-law.com\/es\/#\/schema\/person\/0e1f00c80fafb54acac392c2790f8d7b","name":"SetMySite Development Team","image":{"@type":"ImageObject","inLanguage":"es","@id":"https:\/\/secure.gravatar.com\/avatar\/d66977c79a2aae348f70434080d629fe64c25fbd9fe774d8c09f73781bc9a13b?s=96&d=mm&r=g","url":"https:\/\/secure.gravatar.com\/avatar\/d66977c79a2aae348f70434080d629fe64c25fbd9fe774d8c09f73781bc9a13b?s=96&d=mm&r=g","contentUrl":"https:\/\/secure.gravatar.com\/avatar\/d66977c79a2aae348f70434080d629fe64c25fbd9fe774d8c09f73781bc9a13b?s=96&d=mm&r=g","caption":"SetMySite Development Team"},"url":"https:\/\/eliasik-law.com\/es\/author\/devteam\/"}]}},"jetpack_featured_media_url":"https:\/\/eliasik-law.com\/wp-content\/uploads\/2014\/03\/child-recover-dog-bite-1.jpg","_links":{"self":[{"href":"https:\/\/eliasik-law.com\/es\/wp-json\/wp\/v2\/posts\/5693","targetHints":{"allow":["GET"]}}],"collection":[{"href":"https:\/\/eliasik-law.com\/es\/wp-json\/wp\/v2\/posts"}],"about":[{"href":"https:\/\/eliasik-law.com\/es\/wp-json\/wp\/v2\/types\/post"}],"author":[{"embeddable":true,"href":"https:\/\/eliasik-law.com\/es\/wp-json\/wp\/v2\/users\/2"}],"replies":[{"embeddable":true,"href":"https:\/\/eliasik-law.com\/es\/wp-json\/wp\/v2\/comments?post=5693"}],"version-history":[{"count":1,"href":"https:\/\/eliasik-law.com\/es\/wp-json\/wp\/v2\/posts\/5693\/revisions"}],"predecessor-version":[{"id":5696,"href":"https:\/\/eliasik-law.com\/es\/wp-json\/wp\/v2\/posts\/5693\/revisions\/5696"}],"wp:featuredmedia":[{"embeddable":true,"href":"https:\/\/eliasik-law.com\/es\/wp-json\/wp\/v2\/media\/4946"}],"wp:attachment":[{"href":"https:\/\/eliasik-law.com\/es\/wp-json\/wp\/v2\/media?parent=5693"}],"wp:term":[{"taxonomy":"category","embeddable":true,"href":"https:\/\/eliasik-law.com\/es\/wp-json\/wp\/v2\/categories?post=5693"},{"taxonomy":"post_tag","embeddable":true,"href":"https:\/\/eliasik-law.com\/es\/wp-json\/wp\/v2\/tags?post=5693"}],"curies":[{"name":"wp","href":"https:\/\/api.w.org\/{rel}","templated":true}]}}